{"id":47168,"date":"2019-02-07T11:21:45","date_gmt":"2019-02-07T14:21:45","guid":{"rendered":"https:\/\/eldiariodesanpedro.com.ar\/sitio\/?p=47168"},"modified":"2019-02-07T11:21:54","modified_gmt":"2019-02-07T14:21:54","slug":"escobar-instalan-10-nuevas-campanas-verdes-en-distintos-puntos-del-distrito-en-el-marco-del-programa-escobar-sustentable","status":"publish","type":"post","link":"https:\/\/eldiariodesanpedro.com.ar\/sitio\/escobar-instalan-10-nuevas-campanas-verdes-en-distintos-puntos-del-distrito-en-el-marco-del-programa-escobar-sustentable\/","title":{"rendered":"ESCOBAR: Instalan 10 nuevas campanas verdes en distintos puntos del distrito en el marco del programa \u201cEscobar Sustentable\u201d"},"content":{"rendered":"<!-- VideographyWP Plugin Message: Automatic video embedding prevented by plugin options. -->\n\n<p>En el marco del programa Escobar Sustentable, la Municipalidad de Escobar instal\u00f3 10 nuevas campanas verdes, en distintos puntos del distrito, con el objetivo de fomentar el reciclado y concientizar a la poblaci\u00f3n en el cuidado del medioambiente.<\/p>\n\n\n\n<p>En un trabajo conjunto entre la Direcci\u00f3n General de Medio Ambiente y personal del CEAMSE, las 10 nuevas campanas verdes fueron distribuidas de la siguiente manera: seis en el casco c\u00e9ntrico y la entrada de Bel\u00e9n de Escobar, dos en Matheu (plaza Del Pueblo y Polo Sanitario Canesi) y dos en Loma Verde, una en Colectora Este y la otra sobre Colectora Oeste.<\/p>\n\n\n\n<p>De esta manera, los vecinos podr\u00e1n reciclar papel, cart\u00f3n, vidrio y metal. Los residuos que se logren recolectar, ser\u00e1n trasladados por el CEAMSE a un centro de reciclado, donde se los clasificar\u00e1 y se los recuperar\u00e1 con la intervenci\u00f3n de cooperativas de trabajo. Con la instalaci\u00f3n de estas 10 nuevas campanas, asciende a 44 la cantidad de contenedores colocados estrat\u00e9gicamente en todas las localidades del distrito.<\/p>\n\n\n\n<p>Fuente: escobarnews.com<\/p>\n","protected":false},"excerpt":{"rendered":"<p>En el marco del programa Escobar Sustentable, la Municipalidad de Escobar instal\u00f3 10 nuevas campanas verdes, en distintos puntos del distrito, con el objetivo de fomentar el reciclado y concientizar a la poblaci\u00f3n en el cuidado del medioambiente. En un trabajo conjunto entre la Direcci\u00f3n General de Medio Ambiente y personal del CEAMSE, las 10 [&hellip;]<\/p>\n","protected":false},"author":4,"featured_media":47170,"comment_status":"open","ping_status":"closed","sticky":false,"template":"","format":"standard","meta":{"om_disable_all_campaigns":false,"_jetpack_memberships_contains_paid_content":false,"footnotes":""},"categories":[621],"tags":[],"class_list":["post-47168","post","type-post","status-publish","format-standard","has-post-thumbnail","hentry","category-regionales"],"aioseo_notices":[],"gutentor_comment":0,"jetpack_featured_media_url":"https:\/\/eldiariodesanpedro.com.ar\/sitio\/wp-content\/uploads\/2019\/02\/campanas-verdes.jpeg","jetpack_shortlink":"https:\/\/wp.me\/p6RhLt-cgM","jetpack_sharing_enabled":true,"_links":{"self":[{"href":"https:\/\/eldiariodesanpedro.com.ar\/sitio\/wp-json\/wp\/v2\/posts\/47168","targetHints":{"allow":["GET"]}}],"collection":[{"href":"https:\/\/eldiariodesanpedro.com.ar\/sitio\/wp-json\/wp\/v2\/posts"}],"about":[{"href":"https:\/\/eldiariodesanpedro.com.ar\/sitio\/wp-json\/wp\/v2\/types\/post"}],"author":[{"embeddable":true,"href":"https:\/\/eldiariodesanpedro.com.ar\/sitio\/wp-json\/wp\/v2\/users\/4"}],"replies":[{"embeddable":true,"href":"https:\/\/eldiariodesanpedro.com.ar\/sitio\/wp-json\/wp\/v2\/comments?post=47168"}],"version-history":[{"count":1,"href":"https:\/\/eldiariodesanpedro.com.ar\/sitio\/wp-json\/wp\/v2\/posts\/47168\/revisions"}],"predecessor-version":[{"id":47171,"href":"https:\/\/eldiariodesanpedro.com.ar\/sitio\/wp-json\/wp\/v2\/posts\/47168\/revisions\/47171"}],"wp:featuredmedia":[{"embeddable":true,"href":"https:\/\/eldiariodesanpedro.com.ar\/sitio\/wp-json\/wp\/v2\/media\/47170"}],"wp:attachment":[{"href":"https:\/\/eldiariodesanpedro.com.ar\/sitio\/wp-json\/wp\/v2\/media?parent=47168"}],"wp:term":[{"taxonomy":"category","embeddable":true,"href":"https:\/\/eldiariodesanpedro.com.ar\/sitio\/wp-json\/wp\/v2\/categories?post=47168"},{"taxonomy":"post_tag","embeddable":true,"href":"https:\/\/eldiariodesanpedro.com.ar\/sitio\/wp-json\/wp\/v2\/tags?post=47168"}],"curies":[{"name":"wp","href":"https:\/\/api.w.org\/{rel}","templated":true}]}}