{"id":47164,"date":"2019-02-07T11:04:21","date_gmt":"2019-02-07T14:04:21","guid":{"rendered":"https:\/\/eldiariodesanpedro.com.ar\/sitio\/?p=47164"},"modified":"2019-02-07T11:04:34","modified_gmt":"2019-02-07T14:04:34","slug":"san-antonio-de-areco-a-un-mes-de-festejos-gratuitos-de-carnavales-2019","status":"publish","type":"post","link":"https:\/\/eldiariodesanpedro.com.ar\/sitio\/san-antonio-de-areco-a-un-mes-de-festejos-gratuitos-de-carnavales-2019\/","title":{"rendered":"SAN ANTONIO DE ARECO: A un mes de festejos gratuitos de Carnavales 2019"},"content":{"rendered":"<!-- VideographyWP Plugin Message: Automatic video embedding prevented by plugin options. -->\n\n<p>Con actividades gratuitas en todo el partido, San Antonio de Areco festejar\u00e1 durante casi un mes los carnavales 2019. Las propuestas comenzar\u00e1n este fin de semana y habr\u00e1 m\u00fasica, bailes populares y el color y la alegr\u00eda de las murgas, carrozas y disfraces artesanales hechos en Areco. Los festejos centrales ser\u00e1n el 2, 3, 4 y 5 de marzo en el Polideportivo Municipal y contar\u00e1n con shows gratuitos de artistas locales y grandes cierres a cargo de Onda Sabanera, Kumbia Queers, El Mago y la Nueva y Miss Bolivia.<\/p>\n\n\n\n<p>Este a\u00f1o habr\u00e1 m\u00e1s de $250.000 en premios para los participantes locales y se suma por primera vez una l\u00ednea de ocho subsidios previos para que los artesanos puedan desarrollar sus proyectos.<\/p>\n\n\n\n<p>Este fin de semana habr\u00e1 baile de&nbsp;pre-carnaval en Villa L\u00eda: desde las 21:00 hs tocar\u00e1n en la Plaza Jos\u00e9 Hern\u00e1ndez Grupo Esmeralda, Cumbia y Algo M\u00e1s y Malib\u00fa. El s\u00e1bado 16 las celebraciones seguir\u00e1n en el&nbsp;Barrio Prado&nbsp;con los shows de La Biga Alada, Va de Nuevo El Comienzo y Cumbia y Algo M\u00e1s. Los festejos de pre-carnaval terminar\u00e1n en&nbsp;Duggan&nbsp;el s\u00e1bado 23 de febrero con la m\u00fasica de Itoki, El Duende y sus Berracos y La Brecha.<\/p>\n\n\n\n<p>La celebraci\u00f3n central ser\u00e1 los d\u00edas 2, 3, 4 y 5 de marzo en el Polideportivo Municipal. Habr\u00e1 desfile de carrozas, murgas y disfraces y cierres musicales todas las noches: el s\u00e1bado 2 se presentar\u00e1n El Duende y Sus Berracos y Onda Sabanera; el domingo 3, Malib\u00fa y Miss Bolivia; el lunes 4 de marzo, Itoki, Grupo Esmeralda y El Mago y la Nueva y el martes, La Furia y Kumbia Queers.<\/p>\n\n\n\n<figure class=\"wp-block-embed-wordpress wp-block-embed is-type-wp-embed is-provider-bosco-producciones\"><div class=\"wp-block-embed__wrapper\">\n<blockquote class=\"wp-embedded-content\" data-secret=\"PCZiRk61RE\"><a href=\"https:\/\/boscoproducciones.com.ar\/\">Inicio<\/a><\/blockquote><iframe class=\"wp-embedded-content lazyload\" sandbox=\"allow-scripts\" security=\"restricted\" style=\"position: absolute; visibility: hidden;\" title=\"\u00abInicio\u00bb \u2014 BOSCO PRODUCCIONES\" data-src=\"https:\/\/boscoproducciones.com.ar\/embed\/#?secret=pyzyMiyTX5#?secret=PCZiRk61RE\" data-secret=\"PCZiRk61RE\" width=\"600\" height=\"338\" frameborder=\"0\" marginwidth=\"0\" marginheight=\"0\" scrolling=\"no\" src=\"data:image\/svg+xml;base64,PHN2ZyB3aWR0aD0iMSIgaGVpZ2h0PSIxIiB4bWxucz0iaHR0cDovL3d3dy53My5vcmcvMjAwMC9zdmciPjwvc3ZnPg==\" data-load-mode=\"1\"><\/iframe>\n<\/div><\/figure>\n","protected":false},"excerpt":{"rendered":"<p>Con actividades gratuitas en todo el partido, San Antonio de Areco festejar\u00e1 durante casi un mes los carnavales 2019. Las propuestas comenzar\u00e1n este fin de semana y habr\u00e1 m\u00fasica, bailes populares y el color y la alegr\u00eda de las murgas, carrozas y disfraces artesanales hechos en Areco. Los festejos centrales ser\u00e1n el 2, 3, 4 [&hellip;]<\/p>\n","protected":false},"author":4,"featured_media":47165,"comment_status":"open","ping_status":"closed","sticky":false,"template":"","format":"standard","meta":{"om_disable_all_campaigns":false,"_jetpack_memberships_contains_paid_content":false,"footnotes":""},"categories":[621],"tags":[],"class_list":["post-47164","post","type-post","status-publish","format-standard","has-post-thumbnail","hentry","category-regionales"],"aioseo_notices":[],"gutentor_comment":0,"jetpack_featured_media_url":"https:\/\/eldiariodesanpedro.com.ar\/sitio\/wp-content\/uploads\/2019\/02\/16864067_1451962184837412_1025793958976473693_n-750x391_1.jpg","jetpack_shortlink":"https:\/\/wp.me\/p6RhLt-cgI","jetpack_sharing_enabled":true,"_links":{"self":[{"href":"https:\/\/eldiariodesanpedro.com.ar\/sitio\/wp-json\/wp\/v2\/posts\/47164","targetHints":{"allow":["GET"]}}],"collection":[{"href":"https:\/\/eldiariodesanpedro.com.ar\/sitio\/wp-json\/wp\/v2\/posts"}],"about":[{"href":"https:\/\/eldiariodesanpedro.com.ar\/sitio\/wp-json\/wp\/v2\/types\/post"}],"author":[{"embeddable":true,"href":"https:\/\/eldiariodesanpedro.com.ar\/sitio\/wp-json\/wp\/v2\/users\/4"}],"replies":[{"embeddable":true,"href":"https:\/\/eldiariodesanpedro.com.ar\/sitio\/wp-json\/wp\/v2\/comments?post=47164"}],"version-history":[{"count":1,"href":"https:\/\/eldiariodesanpedro.com.ar\/sitio\/wp-json\/wp\/v2\/posts\/47164\/revisions"}],"predecessor-version":[{"id":47167,"href":"https:\/\/eldiariodesanpedro.com.ar\/sitio\/wp-json\/wp\/v2\/posts\/47164\/revisions\/47167"}],"wp:featuredmedia":[{"embeddable":true,"href":"https:\/\/eldiariodesanpedro.com.ar\/sitio\/wp-json\/wp\/v2\/media\/47165"}],"wp:attachment":[{"href":"https:\/\/eldiariodesanpedro.com.ar\/sitio\/wp-json\/wp\/v2\/media?parent=47164"}],"wp:term":[{"taxonomy":"category","embeddable":true,"href":"https:\/\/eldiariodesanpedro.com.ar\/sitio\/wp-json\/wp\/v2\/categories?post=47164"},{"taxonomy":"post_tag","embeddable":true,"href":"https:\/\/eldiariodesanpedro.com.ar\/sitio\/wp-json\/wp\/v2\/tags?post=47164"}],"curies":[{"name":"wp","href":"https:\/\/api.w.org\/{rel}","templated":true}]}}