{"id":47161,"date":"2019-02-07T11:01:20","date_gmt":"2019-02-07T14:01:20","guid":{"rendered":"https:\/\/eldiariodesanpedro.com.ar\/sitio\/?p=47161"},"modified":"2019-02-07T11:01:29","modified_gmt":"2019-02-07T14:01:29","slug":"campana-comenzaron-los-trabajos-para-emplazar-el-avion-que-homenajeara-a-los-heroes-de-malvinas","status":"publish","type":"post","link":"https:\/\/eldiariodesanpedro.com.ar\/sitio\/campana-comenzaron-los-trabajos-para-emplazar-el-avion-que-homenajeara-a-los-heroes-de-malvinas\/","title":{"rendered":"CAMPANA: Comenzaron los trabajos para emplazar el avi\u00f3n que homenajear\u00e1 a los h\u00e9roes de Malvinas"},"content":{"rendered":"<!-- VideographyWP Plugin Message: Automatic video embedding prevented by plugin options. -->\n\n<p>El intendente Abella estuvo presente en el inicio de las tareas de reacondicionamiento en un sector del Parque Urbano para instalar el Pucar\u00e1 que rendir\u00e1 homenaje a quienes participaron del conflicto b\u00e9lico.<\/p>\n\n\n\n<p>El Municipio comenz\u00f3 hoy con los trabajos de reacondicionamiento para emplazar en el Parque Urbano el avi\u00f3n Pucar\u00e1 que homenajear\u00e1 a los h\u00e9roes de Malvinas.&nbsp;<\/p>\n\n\n\n<p>El intendente Sebasti\u00e1n Abella estuvo presente constatando los primeros avances de la obra que prev\u00e9 la construcci\u00f3n&nbsp; del pedestal como tambi\u00e9n el acondicionamiento y la colocaci\u00f3n de la aeronave.&nbsp;<\/p>\n\n\n\n<p>\u201cEste es un momento muy anhelado porque significa que realmente falta muy poco para que toda la comunidad disfrute de este avi\u00f3n que fue donado por la Fuerza A\u00e9rea\u201d, remarc\u00f3 Abella, quien explic\u00f3 tambi\u00e9n que se eligi\u00f3 finalmente el Parque Urbano \u201cporque es un lugar emblem\u00e1tico de la ciudad, de esparcimiento y de f\u00e1cil acceso\u201d.&nbsp;<\/p>\n\n\n\n<p>El jefe comunal asegur\u00f3 adem\u00e1s que el arribo del avi\u00f3n \u201cbrindar\u00e1 una mirada m\u00e1s\u201d al parque , la cual fue puesta en valor por el Municipio en los \u00faltimos a\u00f1os con la construcci\u00f3n del nuevo edificio de la biblioteca p\u00fablica, la restauraci\u00f3n del edificio de la Escuela Normal y la reconstrucci\u00f3n de la avenida Varela.&nbsp;<\/p>\n\n\n\n<p>En este a\u00f1o, adem\u00e1s, se ejecutar\u00e1 la obra de puesta en valor del sector de juegos.<\/p>\n\n\n\n<p>Segun anticiparon desde el Municipio, la obra comprender\u00e1 la remodelaci\u00f3n completa del patio de juegos y la incorporaci\u00f3n de equipamiento urbano necesario para uso de descanso y ocio.<\/p>\n\n\n\n<p>Tambi\u00e9n, se colocar\u00e1n nuevos juegos para ni\u00f1os de diferentes edades que, a su vez, sean integradores. Este lugar, adem\u00e1s, estar\u00e1 contenido por un muro perimetral de hormig\u00f3n armado que har\u00e1 de banco para descanso.<\/p>\n","protected":false},"excerpt":{"rendered":"<p>El intendente Abella estuvo presente en el inicio de las tareas de reacondicionamiento en un sector del Parque Urbano para instalar el Pucar\u00e1 que rendir\u00e1 homenaje a quienes participaron del conflicto b\u00e9lico. El Municipio comenz\u00f3 hoy con los trabajos de reacondicionamiento para emplazar en el Parque Urbano el avi\u00f3n Pucar\u00e1 que homenajear\u00e1 a los h\u00e9roes [&hellip;]<\/p>\n","protected":false},"author":4,"featured_media":47162,"comment_status":"open","ping_status":"closed","sticky":false,"template":"","format":"standard","meta":{"om_disable_all_campaigns":false,"_jetpack_memberships_contains_paid_content":false,"footnotes":""},"categories":[621],"tags":[],"class_list":["post-47161","post","type-post","status-publish","format-standard","has-post-thumbnail","hentry","category-regionales"],"aioseo_notices":[],"gutentor_comment":0,"jetpack_featured_media_url":"https:\/\/eldiariodesanpedro.com.ar\/sitio\/wp-content\/uploads\/2019\/02\/las_obras_para_emplazar_el_avion_comenzaron_este_martes.jpg","jetpack_shortlink":"https:\/\/wp.me\/p6RhLt-cgF","jetpack_sharing_enabled":true,"_links":{"self":[{"href":"https:\/\/eldiariodesanpedro.com.ar\/sitio\/wp-json\/wp\/v2\/posts\/47161","targetHints":{"allow":["GET"]}}],"collection":[{"href":"https:\/\/eldiariodesanpedro.com.ar\/sitio\/wp-json\/wp\/v2\/posts"}],"about":[{"href":"https:\/\/eldiariodesanpedro.com.ar\/sitio\/wp-json\/wp\/v2\/types\/post"}],"author":[{"embeddable":true,"href":"https:\/\/eldiariodesanpedro.com.ar\/sitio\/wp-json\/wp\/v2\/users\/4"}],"replies":[{"embeddable":true,"href":"https:\/\/eldiariodesanpedro.com.ar\/sitio\/wp-json\/wp\/v2\/comments?post=47161"}],"version-history":[{"count":1,"href":"https:\/\/eldiariodesanpedro.com.ar\/sitio\/wp-json\/wp\/v2\/posts\/47161\/revisions"}],"predecessor-version":[{"id":47163,"href":"https:\/\/eldiariodesanpedro.com.ar\/sitio\/wp-json\/wp\/v2\/posts\/47161\/revisions\/47163"}],"wp:featuredmedia":[{"embeddable":true,"href":"https:\/\/eldiariodesanpedro.com.ar\/sitio\/wp-json\/wp\/v2\/media\/47162"}],"wp:attachment":[{"href":"https:\/\/eldiariodesanpedro.com.ar\/sitio\/wp-json\/wp\/v2\/media?parent=47161"}],"wp:term":[{"taxonomy":"category","embeddable":true,"href":"https:\/\/eldiariodesanpedro.com.ar\/sitio\/wp-json\/wp\/v2\/categories?post=47161"},{"taxonomy":"post_tag","embeddable":true,"href":"https:\/\/eldiariodesanpedro.com.ar\/sitio\/wp-json\/wp\/v2\/tags?post=47161"}],"curies":[{"name":"wp","href":"https:\/\/api.w.org\/{rel}","templated":true}]}}