{"id":4715,"date":"2016-05-26T18:06:51","date_gmt":"2016-05-26T21:06:51","guid":{"rendered":"https:\/\/eldiariodesanpedro.com.ar\/sitio\/?p=4715"},"modified":"2016-05-26T18:06:51","modified_gmt":"2016-05-26T21:06:51","slug":"segunda-jornada-del-curso-de-procedimiento-administrativo-municipal","status":"publish","type":"post","link":"https:\/\/eldiariodesanpedro.com.ar\/sitio\/segunda-jornada-del-curso-de-procedimiento-administrativo-municipal\/","title":{"rendered":"Segunda jornada del Curso de Procedimiento Administrativo Municipal"},"content":{"rendered":"<p><!-- VideographyWP Plugin Message: Automatic video embedding prevented by plugin options. --><br \/>\nSe llevar\u00e1 a cabo ma\u00f1ana la Segunda jornada del Curso de Procedimiento Administrativo Municipal. La misma se desarrollar\u00e1 en el Sal\u00f3n Dorado Municipal, de 11 a 17 horas y es dictado por el Instituto Provincial de la Administraci\u00f3n P\u00fablica.<br \/>\nCabe recordar que el objetivo de este taller es brindar a los agentes la formaci\u00f3n que les permita optimizar su labor.<\/p>\n","protected":false},"excerpt":{"rendered":"<p>Se llevar\u00e1 a cabo ma\u00f1ana la Segunda jornada del Curso de Procedimiento Administrativo Municipal. La misma se desarrollar\u00e1 en el Sal\u00f3n Dorado Municipal, de 11 a 17 horas y es dictado por el Instituto Provincial de la Administraci\u00f3n P\u00fablica. Cabe recordar que el objetivo de este taller es brindar a los agentes la formaci\u00f3n que [&hellip;]<\/p>\n","protected":false},"author":4,"featured_media":265,"comment_status":"open","ping_status":"closed","sticky":false,"template":"","format":"standard","meta":{"om_disable_all_campaigns":false,"_jetpack_memberships_contains_paid_content":false,"footnotes":""},"categories":[101,2],"tags":[],"class_list":["post-4715","post","type-post","status-publish","format-standard","has-post-thumbnail","hentry","category-interes-general-locales","category-locales"],"aioseo_notices":[],"gutentor_comment":0,"jetpack_featured_media_url":"https:\/\/eldiariodesanpedro.com.ar\/sitio\/wp-content\/uploads\/2015\/11\/Municipalidad-11.jpg","jetpack_shortlink":"https:\/\/wp.me\/p6RhLt-1e3","jetpack_sharing_enabled":true,"_links":{"self":[{"href":"https:\/\/eldiariodesanpedro.com.ar\/sitio\/wp-json\/wp\/v2\/posts\/4715","targetHints":{"allow":["GET"]}}],"collection":[{"href":"https:\/\/eldiariodesanpedro.com.ar\/sitio\/wp-json\/wp\/v2\/posts"}],"about":[{"href":"https:\/\/eldiariodesanpedro.com.ar\/sitio\/wp-json\/wp\/v2\/types\/post"}],"author":[{"embeddable":true,"href":"https:\/\/eldiariodesanpedro.com.ar\/sitio\/wp-json\/wp\/v2\/users\/4"}],"replies":[{"embeddable":true,"href":"https:\/\/eldiariodesanpedro.com.ar\/sitio\/wp-json\/wp\/v2\/comments?post=4715"}],"version-history":[{"count":1,"href":"https:\/\/eldiariodesanpedro.com.ar\/sitio\/wp-json\/wp\/v2\/posts\/4715\/revisions"}],"predecessor-version":[{"id":4716,"href":"https:\/\/eldiariodesanpedro.com.ar\/sitio\/wp-json\/wp\/v2\/posts\/4715\/revisions\/4716"}],"wp:featuredmedia":[{"embeddable":true,"href":"https:\/\/eldiariodesanpedro.com.ar\/sitio\/wp-json\/wp\/v2\/media\/265"}],"wp:attachment":[{"href":"https:\/\/eldiariodesanpedro.com.ar\/sitio\/wp-json\/wp\/v2\/media?parent=4715"}],"wp:term":[{"taxonomy":"category","embeddable":true,"href":"https:\/\/eldiariodesanpedro.com.ar\/sitio\/wp-json\/wp\/v2\/categories?post=4715"},{"taxonomy":"post_tag","embeddable":true,"href":"https:\/\/eldiariodesanpedro.com.ar\/sitio\/wp-json\/wp\/v2\/tags?post=4715"}],"curies":[{"name":"wp","href":"https:\/\/api.w.org\/{rel}","templated":true}]}}