{"id":47138,"date":"2019-02-07T09:58:05","date_gmt":"2019-02-07T12:58:05","guid":{"rendered":"https:\/\/eldiariodesanpedro.com.ar\/sitio\/?p=47138"},"modified":"2019-02-07T09:58:15","modified_gmt":"2019-02-07T12:58:15","slug":"santa-lucia-vecinos-convocan-a-una-asamblea-este-lunes","status":"publish","type":"post","link":"https:\/\/eldiariodesanpedro.com.ar\/sitio\/santa-lucia-vecinos-convocan-a-una-asamblea-este-lunes\/","title":{"rendered":"Santa Lucia: Vecinos convocan a una asamblea este lunes"},"content":{"rendered":"<!-- VideographyWP Plugin Message: Automatic video embedding prevented by plugin options. -->\n\n<p>Falta de mantenimiento al pueblo, promesas que no se han cumplido, el estado al acceso a la ruta y por ultimo el cierre de la dependencia de PAMI fue lo que desato a iniciar esta protesta.<\/p>\n\n\n\n<p>A las 9 de la ma\u00f1ana de este lunes 11,  se realizara una asamblea en las puertas de la Delegaci\u00f3n Municipal,  los vecinos de la localidad se autoconvocan en modo de reclamar  \u00abel estado de nuestro pueblo y Pueblo Doyle, el acceso, seguridad y salud\u00bb.<\/p>\n\n\n\n<p>As\u00ed lo posteo un vecino en su red social facebook donde en las ultimas horas se suman las protestas por el cierre de la delegaci\u00f3n del PAMI.&nbsp; <\/p>\n\n\n\n<p> Cristian Tancredi, colectivero de la localidad escribi\u00f3 la invitaci\u00f3n en su perfil<\/p>\n\n\n\n<p>\u00bb El lunes 11 de febrero en frente a la delegaci\u00f3n municipal los invitamos a reunirnos 9:30 de la ma\u00f1ana por el estado de nuestro pueblo y pueblo Doyle y el acceso ,seguridad y la salud reclamando a la autoridad del pueblo soluci\u00f3n inmediata de lo que padecemos los que vivimos en dichos pueblos as\u00ed mismo invitaremos autoridades mayores de polic\u00eda de San Pedro ,salud y al intendente Cecilio , invitaremos a medios radiales y televisivos desde ya muchas gracias compartan el pueblo no da para m\u00e1s graciass \u00ab<\/p>\n\n\n\n<ul class=\"wp-block-list\"><li><\/li><\/ul>\n\n\n\n<p><\/p>\n","protected":false},"excerpt":{"rendered":"<p>Falta de mantenimiento al pueblo, promesas que no se han cumplido, el estado al acceso a la ruta y por ultimo el cierre de la dependencia de PAMI fue lo que desato a iniciar esta protesta. A las 9 de la ma\u00f1ana de este lunes 11, se realizara una asamblea en las puertas de la [&hellip;]<\/p>\n","protected":false},"author":4,"featured_media":13675,"comment_status":"open","ping_status":"closed","sticky":false,"template":"","format":"standard","meta":{"om_disable_all_campaigns":false,"_jetpack_memberships_contains_paid_content":false,"footnotes":""},"categories":[101,2],"tags":[],"class_list":["post-47138","post","type-post","status-publish","format-standard","has-post-thumbnail","hentry","category-interes-general-locales","category-locales"],"aioseo_notices":[],"gutentor_comment":0,"jetpack_featured_media_url":"https:\/\/eldiariodesanpedro.com.ar\/sitio\/wp-content\/uploads\/2017\/01\/santa-lucia.jpg","jetpack_shortlink":"https:\/\/wp.me\/p6RhLt-cgi","jetpack_sharing_enabled":true,"_links":{"self":[{"href":"https:\/\/eldiariodesanpedro.com.ar\/sitio\/wp-json\/wp\/v2\/posts\/47138","targetHints":{"allow":["GET"]}}],"collection":[{"href":"https:\/\/eldiariodesanpedro.com.ar\/sitio\/wp-json\/wp\/v2\/posts"}],"about":[{"href":"https:\/\/eldiariodesanpedro.com.ar\/sitio\/wp-json\/wp\/v2\/types\/post"}],"author":[{"embeddable":true,"href":"https:\/\/eldiariodesanpedro.com.ar\/sitio\/wp-json\/wp\/v2\/users\/4"}],"replies":[{"embeddable":true,"href":"https:\/\/eldiariodesanpedro.com.ar\/sitio\/wp-json\/wp\/v2\/comments?post=47138"}],"version-history":[{"count":2,"href":"https:\/\/eldiariodesanpedro.com.ar\/sitio\/wp-json\/wp\/v2\/posts\/47138\/revisions"}],"predecessor-version":[{"id":47151,"href":"https:\/\/eldiariodesanpedro.com.ar\/sitio\/wp-json\/wp\/v2\/posts\/47138\/revisions\/47151"}],"wp:featuredmedia":[{"embeddable":true,"href":"https:\/\/eldiariodesanpedro.com.ar\/sitio\/wp-json\/wp\/v2\/media\/13675"}],"wp:attachment":[{"href":"https:\/\/eldiariodesanpedro.com.ar\/sitio\/wp-json\/wp\/v2\/media?parent=47138"}],"wp:term":[{"taxonomy":"category","embeddable":true,"href":"https:\/\/eldiariodesanpedro.com.ar\/sitio\/wp-json\/wp\/v2\/categories?post=47138"},{"taxonomy":"post_tag","embeddable":true,"href":"https:\/\/eldiariodesanpedro.com.ar\/sitio\/wp-json\/wp\/v2\/tags?post=47138"}],"curies":[{"name":"wp","href":"https:\/\/api.w.org\/{rel}","templated":true}]}}