{"id":47133,"date":"2019-02-06T18:55:15","date_gmt":"2019-02-06T21:55:15","guid":{"rendered":"https:\/\/eldiariodesanpedro.com.ar\/sitio\/?p=47133"},"modified":"2019-02-06T18:55:27","modified_gmt":"2019-02-06T21:55:27","slug":"la-mama-de-cecilia-dopazo-se-accidento-mientras-estaba-de-vacaciones-en-nuestra-ciudad","status":"publish","type":"post","link":"https:\/\/eldiariodesanpedro.com.ar\/sitio\/la-mama-de-cecilia-dopazo-se-accidento-mientras-estaba-de-vacaciones-en-nuestra-ciudad\/","title":{"rendered":"La mam\u00e1 de Cecilia Dopazo se accident\u00f3 mientras estaba de vacaciones en nuestra ciudad"},"content":{"rendered":"<!-- VideographyWP Plugin Message: Automatic video embedding prevented by plugin options. -->\n\n<p>\n\nLa mujer sufri\u00f3 una luxaci\u00f3n en la cadera mientras disfrutaba de su estad\u00eda con unos amigos. La actriz lleg\u00f3 a la ciudad junto a su hermano.\n\n<\/p>\n\n\n\n<p>Minutos despu\u00e9s del mediod\u00eda del mi\u00e9rcoles ingres\u00f3 a la guardia del Hospital \u201cEmilio Ruffa\u201d una se\u00f1ora que result\u00f3 ser la madre de la reconocida actriz Cecilia Dopazo.<\/p>\n\n\n\n<p>La mujer ingres\u00f3 con un traumatismo en la cadera y fue asistida por el personal de emergencias del citado nosocomio.<\/p>\n\n\n\n<p>Para sorpresa de quienes all\u00ed se encontraban la paciente lo hizo acompa\u00f1ada por la actriz quien al ser reconocida no pudo evitar los saludos y las fotos.<\/p>\n\n\n\n<p>La propia Dopazo se encarg\u00f3 de relatar a San Pedro Informa qu\u00e9 fue lo que le pas\u00f3 a su mam\u00e1:<\/p>\n\n\n\n<p>\u201cMi mam\u00e1 vino de vacaciones a San Pedro con unos amigos y se lux\u00f3 la cadera lamentablemente, as\u00ed que nos vinimos con mi hermano desde la Capital para estar con ella\u201d, dijo Cecilia Dopazo.<\/p>\n\n\n\n<p>\u201cEsta ciudad es bell\u00edsima y la atenci\u00f3n en el Hospital es excelente, nos est\u00e1n atendiendo muy bien, estamos muy agradecidos, todos s\u00faper profesionales, amoroso y con ganas de ayudar\u201d, destac\u00f3.<\/p>\n\n\n\n<p>Fuente: <a href=\"\/www.sanpedroinforma.com.ar\">San Pedro Informa<\/a><\/p>\n","protected":false},"excerpt":{"rendered":"<p>La mujer sufri\u00f3 una luxaci\u00f3n en la cadera mientras disfrutaba de su estad\u00eda con unos amigos. La actriz lleg\u00f3 a la ciudad junto a su hermano. Minutos despu\u00e9s del mediod\u00eda del mi\u00e9rcoles ingres\u00f3 a la guardia del Hospital \u201cEmilio Ruffa\u201d una se\u00f1ora que result\u00f3 ser la madre de la reconocida actriz Cecilia Dopazo. La mujer [&hellip;]<\/p>\n","protected":false},"author":4,"featured_media":47134,"comment_status":"open","ping_status":"closed","sticky":false,"template":"","format":"standard","meta":{"om_disable_all_campaigns":false,"_jetpack_memberships_contains_paid_content":false,"footnotes":""},"categories":[50,101,2],"tags":[],"class_list":["post-47133","post","type-post","status-publish","format-standard","has-post-thumbnail","hentry","category-destacadas","category-interes-general-locales","category-locales"],"aioseo_notices":[],"gutentor_comment":0,"jetpack_featured_media_url":"https:\/\/eldiariodesanpedro.com.ar\/sitio\/wp-content\/uploads\/2019\/02\/000075328.jpg","jetpack_shortlink":"https:\/\/wp.me\/p6RhLt-cgd","jetpack_sharing_enabled":true,"_links":{"self":[{"href":"https:\/\/eldiariodesanpedro.com.ar\/sitio\/wp-json\/wp\/v2\/posts\/47133","targetHints":{"allow":["GET"]}}],"collection":[{"href":"https:\/\/eldiariodesanpedro.com.ar\/sitio\/wp-json\/wp\/v2\/posts"}],"about":[{"href":"https:\/\/eldiariodesanpedro.com.ar\/sitio\/wp-json\/wp\/v2\/types\/post"}],"author":[{"embeddable":true,"href":"https:\/\/eldiariodesanpedro.com.ar\/sitio\/wp-json\/wp\/v2\/users\/4"}],"replies":[{"embeddable":true,"href":"https:\/\/eldiariodesanpedro.com.ar\/sitio\/wp-json\/wp\/v2\/comments?post=47133"}],"version-history":[{"count":1,"href":"https:\/\/eldiariodesanpedro.com.ar\/sitio\/wp-json\/wp\/v2\/posts\/47133\/revisions"}],"predecessor-version":[{"id":47135,"href":"https:\/\/eldiariodesanpedro.com.ar\/sitio\/wp-json\/wp\/v2\/posts\/47133\/revisions\/47135"}],"wp:featuredmedia":[{"embeddable":true,"href":"https:\/\/eldiariodesanpedro.com.ar\/sitio\/wp-json\/wp\/v2\/media\/47134"}],"wp:attachment":[{"href":"https:\/\/eldiariodesanpedro.com.ar\/sitio\/wp-json\/wp\/v2\/media?parent=47133"}],"wp:term":[{"taxonomy":"category","embeddable":true,"href":"https:\/\/eldiariodesanpedro.com.ar\/sitio\/wp-json\/wp\/v2\/categories?post=47133"},{"taxonomy":"post_tag","embeddable":true,"href":"https:\/\/eldiariodesanpedro.com.ar\/sitio\/wp-json\/wp\/v2\/tags?post=47133"}],"curies":[{"name":"wp","href":"https:\/\/api.w.org\/{rel}","templated":true}]}}