{"id":47130,"date":"2019-02-06T18:50:28","date_gmt":"2019-02-06T21:50:28","guid":{"rendered":"https:\/\/eldiariodesanpedro.com.ar\/sitio\/?p=47130"},"modified":"2019-02-06T18:50:37","modified_gmt":"2019-02-06T21:50:37","slug":"tragedia-en-la-ruta-191-victoria-esta-fuera-de-peligro","status":"publish","type":"post","link":"https:\/\/eldiariodesanpedro.com.ar\/sitio\/tragedia-en-la-ruta-191-victoria-esta-fuera-de-peligro\/","title":{"rendered":"Tragedia en la Ruta 191: \u201cVictoria est\u00e1 fuera de peligro\u201d"},"content":{"rendered":"<!-- VideographyWP Plugin Message: Automatic video embedding prevented by plugin options. -->\n\n<p>anesa, la mam\u00e1 de los tres hermanitos accidentados el s\u00e1bado en la Ruta 191, cont\u00f3 que su hija est\u00e1 evolucionando favorablemente dela grave lesi\u00f3n que sufri\u00f3 y oblig\u00f3 a trasladarla a trav\u00e9s de un helic\u00f3ptero sanitario.&nbsp;<\/p>\n\n\n\n<p>A pesar de los d\u00edas transcurridos la conmoci\u00f3n que origin\u00f3 la tragedia ocurrida en los primeros minutos del s\u00e1bado pasado en la \u201ccurva de la muerte\u201d a\u00fan est\u00e1 latente, principalmente por las caracter\u00edsticas que tuvo el siniestro y la presencia de los ni\u00f1os que resultaron lesionados.<\/p>\n\n\n\n<p>Eduardo David Conesa de 11, Victoria Ludmila Conesa de 9 y Lucas Benjam\u00edn Conesa de 7 a\u00f1os, viajaban en el VW Gol Country que conduc\u00eda su pap\u00e1, Jos\u00e9 Mar\u00eda Conesa (34), quien falleci\u00f3 en el acto.<\/p>\n\n\n\n<p>El veh\u00edculo transitaba por la Ruta 191, y por circunstancias que se desconocen se sali\u00f3 de la calzada e impact\u00f3 de lleno contra una columna de hormig\u00f3n.<\/p>\n\n\n\n<p>De los tres menores Victoria fue la que llev\u00f3 la peor parte ya que sufri\u00f3 el desplazamiento de las dos v\u00e9rtebras superiores de la columna, lo que le origin\u00f3 una grave lesi\u00f3n que puso en riesgo su vida. Sobre el mediod\u00eda del s\u00e1bado un helic\u00f3ptero sanitario arrib\u00f3 a la ciudad y traslad\u00f3 a la menor hasta el Hospital Garrahan, en donde permanece internada y asistida por los profesionales del lugar.<\/p>\n\n\n\n<p>\u00abHoy solo pienso en mis hijos. Victoria est\u00e1 mucho mejor, est\u00e1 estable, despierta y come\u00bb, explic\u00f3 su mam\u00e1 Vanesa&nbsp; a este portal.<\/p>\n\n\n\n<p>\u00abVictoria est\u00e1 fuera de peligro, no tiene secuelas, y los m\u00e9dicos eval\u00faan si ser\u00e1 necesario operarla\u00bb.<\/p>\n\n\n\n<p>\u201cLe realizaron una tomograf\u00eda computada y est\u00e1n evaluando si la operan o no\u201d, sostuvo la mujer que se encuentra gestando un embarazo de 33 semanas.<\/p>\n\n\n\n<p>A la vez, Vanesa, tambi\u00e9n se refiri\u00f3 a sus otros hijos accidentados y que se encuentran junto a ella en el mismo nosocomio. \u201cLos chicos est\u00e1n contenidos por nosotros&nbsp; y los psic\u00f3logas del hospital, saben lo que pas\u00f3 con el pap\u00e1\u201d.<\/p>\n\n\n\n<p>\u201cPed\u00ed que a Eduardo lo pueda tener conmigo y hacerlo tratar de las fracturas que tiene tambi\u00e9n en el Garrahan\u201d. El ni\u00f1o de 11 a\u00f1os tiene traumatismos en la clav\u00edcula y radio, y es atendido en el mismo nosocomio aprovechando la estad\u00eda en el lugar junto a su mam\u00e1 y los hermanos.<\/p>\n\n\n\n<p>Sobre la presencia de los ni\u00f1os en nuestra ciudad se pudo saber que los tres estaban de vacaciones en la casa de su pap\u00e1, quien trabajaba como casero en un establecimiento rural del paraje Villa Sarita; en el verano ven\u00edan a San Pedro y luego volv\u00edan con su mam\u00e1 a la localidad de Sevilla, en la provincia de Santa Fe, para ir a la escuela.<\/p>\n\n\n\n<p>El fallecido Jos\u00e9 Mar\u00eda Conesa, era oriundo de Santo Tome, Santa F\u00e9; hace unos a\u00f1os se hab\u00eda mudado a \u00a0la ciudad de San Antonio de Areco donde ten\u00eda unos t\u00edos, y luego se vino a trabajar a San Pedro, por eso de su presencia en la localidad.<\/p>\n\n\n\n<p>Fuente: San Pedro Informa<\/p>\n","protected":false},"excerpt":{"rendered":"<p>anesa, la mam\u00e1 de los tres hermanitos accidentados el s\u00e1bado en la Ruta 191, cont\u00f3 que su hija est\u00e1 evolucionando favorablemente dela grave lesi\u00f3n que sufri\u00f3 y oblig\u00f3 a trasladarla a trav\u00e9s de un helic\u00f3ptero sanitario.&nbsp; A pesar de los d\u00edas transcurridos la conmoci\u00f3n que origin\u00f3 la tragedia ocurrida en los primeros minutos del s\u00e1bado [&hellip;]<\/p>\n","protected":false},"author":4,"featured_media":47131,"comment_status":"open","ping_status":"closed","sticky":false,"template":"","format":"standard","meta":{"om_disable_all_campaigns":false,"_jetpack_memberships_contains_paid_content":false,"footnotes":""},"categories":[101,2],"tags":[],"class_list":["post-47130","post","type-post","status-publish","format-standard","has-post-thumbnail","hentry","category-interes-general-locales","category-locales"],"aioseo_notices":[],"gutentor_comment":0,"jetpack_featured_media_url":"https:\/\/eldiariodesanpedro.com.ar\/sitio\/wp-content\/uploads\/2019\/02\/000075312.jpg","jetpack_shortlink":"https:\/\/wp.me\/p6RhLt-cga","jetpack_sharing_enabled":true,"_links":{"self":[{"href":"https:\/\/eldiariodesanpedro.com.ar\/sitio\/wp-json\/wp\/v2\/posts\/47130","targetHints":{"allow":["GET"]}}],"collection":[{"href":"https:\/\/eldiariodesanpedro.com.ar\/sitio\/wp-json\/wp\/v2\/posts"}],"about":[{"href":"https:\/\/eldiariodesanpedro.com.ar\/sitio\/wp-json\/wp\/v2\/types\/post"}],"author":[{"embeddable":true,"href":"https:\/\/eldiariodesanpedro.com.ar\/sitio\/wp-json\/wp\/v2\/users\/4"}],"replies":[{"embeddable":true,"href":"https:\/\/eldiariodesanpedro.com.ar\/sitio\/wp-json\/wp\/v2\/comments?post=47130"}],"version-history":[{"count":1,"href":"https:\/\/eldiariodesanpedro.com.ar\/sitio\/wp-json\/wp\/v2\/posts\/47130\/revisions"}],"predecessor-version":[{"id":47132,"href":"https:\/\/eldiariodesanpedro.com.ar\/sitio\/wp-json\/wp\/v2\/posts\/47130\/revisions\/47132"}],"wp:featuredmedia":[{"embeddable":true,"href":"https:\/\/eldiariodesanpedro.com.ar\/sitio\/wp-json\/wp\/v2\/media\/47131"}],"wp:attachment":[{"href":"https:\/\/eldiariodesanpedro.com.ar\/sitio\/wp-json\/wp\/v2\/media?parent=47130"}],"wp:term":[{"taxonomy":"category","embeddable":true,"href":"https:\/\/eldiariodesanpedro.com.ar\/sitio\/wp-json\/wp\/v2\/categories?post=47130"},{"taxonomy":"post_tag","embeddable":true,"href":"https:\/\/eldiariodesanpedro.com.ar\/sitio\/wp-json\/wp\/v2\/tags?post=47130"}],"curies":[{"name":"wp","href":"https:\/\/api.w.org\/{rel}","templated":true}]}}