{"id":47126,"date":"2019-02-06T18:39:44","date_gmt":"2019-02-06T21:39:44","guid":{"rendered":"https:\/\/eldiariodesanpedro.com.ar\/sitio\/?p=47126"},"modified":"2019-02-06T18:42:01","modified_gmt":"2019-02-06T21:42:01","slug":"violento-asalto-a-matrimonio-en-vta-de-obligado","status":"publish","type":"post","link":"https:\/\/eldiariodesanpedro.com.ar\/sitio\/violento-asalto-a-matrimonio-en-vta-de-obligado\/","title":{"rendered":"Violento asalto a matrimonio en Vta. de Obligado"},"content":{"rendered":"<!-- VideographyWP Plugin Message: Automatic video embedding prevented by plugin options. -->\n\n<p>El hecho no hab\u00eda trascendido pero aconteci\u00f3 el lunes a la ma\u00f1ana. Los delincuentes actuaron armados, con sus rostros cubiertos e informaci\u00f3n sobre las v\u00edctimas. \u00a0<\/p>\n\n\n\n<p>Un violento asalto sufri\u00f3 una tradicional familia de Vuelta de Obligado. Ocurri\u00f3 en la ma\u00f1ana del lunes y pr\u00e1cticamente no hab\u00eda tomado estado p\u00fablico lo acontecido.<\/p>\n\n\n\n<p>El hecho se desencaden\u00f3 alrededor de las 09.15 horas cuando primero ingres\u00f3 una persona simulando ser un cliente que pretend\u00eda comprar en el comercio que el matrimonio posee all\u00ed.<\/p>\n\n\n\n<p>Minutos despu\u00e9s ingresaron dos personas m\u00e1s que con m\u00e1scaras de goma, fuertemente armados y con guantes, redujeron al due\u00f1o de casa y obligaron a la mujer tambi\u00e9n ingresar cuando se encontraba sentada en la vereda.<\/p>\n\n\n\n<p>Los delincuentes se mostraron muy violentos y con informaci\u00f3n segura sobre los movimientos econ\u00f3micos de la familia.<\/p>\n\n\n\n<p>Primero se apoderaron de un dinero en efectivo que ten\u00eda la mujer y luego se dirigieron a una habitaci\u00f3n para quedarse con una fuerte suma de dinero que hab\u00eda escondido en un determinado lugar de la dependencia y que eran los ahorros de la familia.<\/p>\n\n\n\n<p>Los malvivientes golpearon al hombre y huyeron del lugar sin dejar rastros en un veh\u00edculo del que muy poco se sabe. El due\u00f1o de casa fue asistido por el servicio m\u00e9dico de la sala de primeros auxilios del lugar y el Hospital de Gdor. Castro en donde fue asistido y se descartaron lesiones de gravedad en el cuerpo de la v\u00edctima. \u00a0\u00a0\u00a0\u00a0<\/p>\n\n\n\n<p>Fuente: <a href=\"\/www.sanpedroinforma.com.ar\">San Pedro Informa<\/a><\/p>\n","protected":false},"excerpt":{"rendered":"<p>El hecho no hab\u00eda trascendido pero aconteci\u00f3 el lunes a la ma\u00f1ana. Los delincuentes actuaron armados, con sus rostros cubiertos e informaci\u00f3n sobre las v\u00edctimas. \u00a0 Un violento asalto sufri\u00f3 una tradicional familia de Vuelta de Obligado. Ocurri\u00f3 en la ma\u00f1ana del lunes y pr\u00e1cticamente no hab\u00eda tomado estado p\u00fablico lo acontecido. El hecho se [&hellip;]<\/p>\n","protected":false},"author":4,"featured_media":47128,"comment_status":"open","ping_status":"closed","sticky":false,"template":"","format":"standard","meta":{"om_disable_all_campaigns":false,"_jetpack_memberships_contains_paid_content":false,"footnotes":""},"categories":[50,2,103],"tags":[],"class_list":["post-47126","post","type-post","status-publish","format-standard","has-post-thumbnail","hentry","category-destacadas","category-locales","category-policiales-locales"],"aioseo_notices":[],"gutentor_comment":0,"jetpack_featured_media_url":"https:\/\/eldiariodesanpedro.com.ar\/sitio\/wp-content\/uploads\/2019\/02\/000075320.jpg","jetpack_shortlink":"https:\/\/wp.me\/p6RhLt-cg6","jetpack_sharing_enabled":true,"_links":{"self":[{"href":"https:\/\/eldiariodesanpedro.com.ar\/sitio\/wp-json\/wp\/v2\/posts\/47126","targetHints":{"allow":["GET"]}}],"collection":[{"href":"https:\/\/eldiariodesanpedro.com.ar\/sitio\/wp-json\/wp\/v2\/posts"}],"about":[{"href":"https:\/\/eldiariodesanpedro.com.ar\/sitio\/wp-json\/wp\/v2\/types\/post"}],"author":[{"embeddable":true,"href":"https:\/\/eldiariodesanpedro.com.ar\/sitio\/wp-json\/wp\/v2\/users\/4"}],"replies":[{"embeddable":true,"href":"https:\/\/eldiariodesanpedro.com.ar\/sitio\/wp-json\/wp\/v2\/comments?post=47126"}],"version-history":[{"count":1,"href":"https:\/\/eldiariodesanpedro.com.ar\/sitio\/wp-json\/wp\/v2\/posts\/47126\/revisions"}],"predecessor-version":[{"id":47127,"href":"https:\/\/eldiariodesanpedro.com.ar\/sitio\/wp-json\/wp\/v2\/posts\/47126\/revisions\/47127"}],"wp:featuredmedia":[{"embeddable":true,"href":"https:\/\/eldiariodesanpedro.com.ar\/sitio\/wp-json\/wp\/v2\/media\/47128"}],"wp:attachment":[{"href":"https:\/\/eldiariodesanpedro.com.ar\/sitio\/wp-json\/wp\/v2\/media?parent=47126"}],"wp:term":[{"taxonomy":"category","embeddable":true,"href":"https:\/\/eldiariodesanpedro.com.ar\/sitio\/wp-json\/wp\/v2\/categories?post=47126"},{"taxonomy":"post_tag","embeddable":true,"href":"https:\/\/eldiariodesanpedro.com.ar\/sitio\/wp-json\/wp\/v2\/tags?post=47126"}],"curies":[{"name":"wp","href":"https:\/\/api.w.org\/{rel}","templated":true}]}}