{"id":47121,"date":"2019-02-06T13:11:02","date_gmt":"2019-02-06T16:11:02","guid":{"rendered":"https:\/\/eldiariodesanpedro.com.ar\/sitio\/?p=47121"},"modified":"2019-02-06T13:11:12","modified_gmt":"2019-02-06T16:11:12","slug":"nunca-me-paso-de-quedarme-sin-nada-dijo-raquel-duena-del-hogar-merendero-benefactora","status":"publish","type":"post","link":"https:\/\/eldiariodesanpedro.com.ar\/sitio\/nunca-me-paso-de-quedarme-sin-nada-dijo-raquel-duena-del-hogar-merendero-benefactora\/","title":{"rendered":"\u00abNunca me paso de quedarme sin nada\u00bb dijo Raquel due\u00f1a del Hogar Merendero Benefactora"},"content":{"rendered":"<!-- VideographyWP Plugin Message: Automatic video embedding prevented by plugin options. -->\n\n<p>\u00abSi vamos a la pol\u00edtica decimos el gobierno, pero la mentalidad de los adultos no fue formada ahora, y esos chiquitos tienen que comer, no les poder explicar lo que pasa, vos le tenes que dar de comer todos los dias, para que dentro de 20 a\u00f1os tengan un cerebro sano\u00bb una de las palabras que expresaba en la nota Raquel Altamirano, due\u00f1a y creadora del merendero.<\/p>\n\n\n\n<p>Hace once a\u00f1os que el comedor funciona para las familias de barrio cercano, son 19 familias que est\u00e1n en dif\u00edciles condiciones de vida y sus chiquitos, que suman mas de 50, encuentran su almuerzo, merienda y cena todos los d\u00edas.<\/p>\n\n\n\n<p>Dialogamos con Raquel quien pide la colaboraci\u00f3n de la gente con donaciones de mercader\u00eda \u00abesperaba que llegue la ayuda del municipio, y dem\u00e1s, que siempre lo hacen, pero no se si por vacaciones o que, pero no han llegado y ya nos quedamos sin reservas, la verdad estoy triste, no tenemos ni sal, nosotros damos la leche tambi\u00e9n a la tarde, es la primera vez que me pasa en todo este tiempo de quedarme sin nada\u00bb, expresaba.<\/p>\n\n\n\n<p>\u00abEsto comenz\u00f3 de casualidad, yo estaba enferma de c\u00e1ncer, un d\u00eda me sent\u00eda muy mal y me cruce a la plazita de aqu\u00ed en frente a charlar con los chicos, necesitaba distraerme, y ah\u00ed fui descubriendo las necesidades que tienen cada uno, y de a poquito llevaba una leche y galletitas para estar un rato con ellos y cuando quise acordar ya est\u00e1bamos cocinando\u00bb<\/p>\n\n\n\n<p>\u00abSigue siendo una terapia para mi, son familias que realmente necesitan ayuda\u00bb contaba entre lagrimas Raquel quien a pesar de su enfermedad hoy sigue luchando por los mas necesitados.<\/p>\n\n\n\n<p>Para colaborar con el Hogar Merendero Benefactora de Raquel podes hacerlo llegando a su direcci\u00f3n Benefactora Sampedrina al 350, o podes comunicarte al 4<br><br><\/p>\n\n\n\n<p><\/p>\n","protected":false},"excerpt":{"rendered":"<p>\u00abSi vamos a la pol\u00edtica decimos el gobierno, pero la mentalidad de los adultos no fue formada ahora, y esos chiquitos tienen que comer, no les poder explicar lo que pasa, vos le tenes que dar de comer todos los dias, para que dentro de 20 a\u00f1os tengan un cerebro sano\u00bb una de las palabras [&hellip;]<\/p>\n","protected":false},"author":4,"featured_media":47122,"comment_status":"open","ping_status":"closed","sticky":false,"template":"","format":"standard","meta":{"om_disable_all_campaigns":false,"_jetpack_memberships_contains_paid_content":false,"footnotes":""},"categories":[50,101,2],"tags":[],"class_list":["post-47121","post","type-post","status-publish","format-standard","has-post-thumbnail","hentry","category-destacadas","category-interes-general-locales","category-locales"],"aioseo_notices":[],"gutentor_comment":0,"jetpack_featured_media_url":"https:\/\/eldiariodesanpedro.com.ar\/sitio\/wp-content\/uploads\/2019\/02\/318790_189988251067445_1545909_n.jpg","jetpack_shortlink":"https:\/\/wp.me\/p6RhLt-cg1","jetpack_sharing_enabled":true,"_links":{"self":[{"href":"https:\/\/eldiariodesanpedro.com.ar\/sitio\/wp-json\/wp\/v2\/posts\/47121","targetHints":{"allow":["GET"]}}],"collection":[{"href":"https:\/\/eldiariodesanpedro.com.ar\/sitio\/wp-json\/wp\/v2\/posts"}],"about":[{"href":"https:\/\/eldiariodesanpedro.com.ar\/sitio\/wp-json\/wp\/v2\/types\/post"}],"author":[{"embeddable":true,"href":"https:\/\/eldiariodesanpedro.com.ar\/sitio\/wp-json\/wp\/v2\/users\/4"}],"replies":[{"embeddable":true,"href":"https:\/\/eldiariodesanpedro.com.ar\/sitio\/wp-json\/wp\/v2\/comments?post=47121"}],"version-history":[{"count":1,"href":"https:\/\/eldiariodesanpedro.com.ar\/sitio\/wp-json\/wp\/v2\/posts\/47121\/revisions"}],"predecessor-version":[{"id":47123,"href":"https:\/\/eldiariodesanpedro.com.ar\/sitio\/wp-json\/wp\/v2\/posts\/47121\/revisions\/47123"}],"wp:featuredmedia":[{"embeddable":true,"href":"https:\/\/eldiariodesanpedro.com.ar\/sitio\/wp-json\/wp\/v2\/media\/47122"}],"wp:attachment":[{"href":"https:\/\/eldiariodesanpedro.com.ar\/sitio\/wp-json\/wp\/v2\/media?parent=47121"}],"wp:term":[{"taxonomy":"category","embeddable":true,"href":"https:\/\/eldiariodesanpedro.com.ar\/sitio\/wp-json\/wp\/v2\/categories?post=47121"},{"taxonomy":"post_tag","embeddable":true,"href":"https:\/\/eldiariodesanpedro.com.ar\/sitio\/wp-json\/wp\/v2\/tags?post=47121"}],"curies":[{"name":"wp","href":"https:\/\/api.w.org\/{rel}","templated":true}]}}