{"id":47119,"date":"2019-02-06T18:37:30","date_gmt":"2019-02-06T21:37:30","guid":{"rendered":"https:\/\/eldiariodesanpedro.com.ar\/sitio\/?p=47119"},"modified":"2019-02-06T18:37:42","modified_gmt":"2019-02-06T21:37:42","slug":"capacitacion-para-trabajadores-municipales-de-las-areas-de-ninez-y-adolescencia","status":"publish","type":"post","link":"https:\/\/eldiariodesanpedro.com.ar\/sitio\/capacitacion-para-trabajadores-municipales-de-las-areas-de-ninez-y-adolescencia\/","title":{"rendered":"Capacitaci\u00f3n para trabajadores municipales de las \u00e1reas de ni\u00f1ez y adolescencia"},"content":{"rendered":"<!-- VideographyWP Plugin Message: Automatic video embedding prevented by plugin options. -->\n\n<p> Personal municipal involucrado en \u00e1reas relacionadas con aplicaci\u00f3n y seguimiento de las acciones que impulsa en toda la provincia de Buenos Aires el\u00a0 IPAP, Instituto Provincial de la Administraci\u00f3n P\u00fablica tomaron esta ma\u00f1ana una capacitaci\u00f3n dictada por representantes del organismo que depende de la Subsecretar\u00eda de Capital Humano del Ministerio de Jefatura de Gabinete de Ministros de la Provincia de Buenos y el Organismo Provincial de la ni\u00f1ez y adolescencia.<\/p>\n\n\n\n<p>En el CIC durante aproximadamente cuatro horas recibieron informaci\u00f3n sobre las aplicaciones disponibles desde el lanzamiento del Registro Estad\u00edstico Unificado de Ni\u00f1ez y Adolescencia (REUNA) que viene incorporando informaci\u00f3n de todos los municipios para el seguimiento de casos y el dise\u00f1o de pol\u00edticas de acci\u00f3n.<\/p>\n\n\n\n<p>En San Pedro, el encuentro fue organizado por las \u00e1reas correspondientes bajo la \u00f3rbita de la Secretar\u00eda de Desarrollo Humano, aportando para la creaci\u00f3n de nuevos protocolos y la modificaci\u00f3n de manuales de procedimiento. Tambi\u00e9n participaron del mismo el servicio local de\u00a0San Nicol\u00e1s, Baradero, Exaltaci\u00f3n de la Cruz, Arrecifes, Capit\u00e1n Sarmiento y Ramallo.<\/p>\n\n\n\n<p>El gobierno de la Provincia de Buenos Aires impulsa \u00e9ste y otros registros para el fortalecimiento de recursos destinados a la infancia y la adolescencia en materia de infraestructura, apoyo econ\u00f3mico, asistencia t\u00e9cnica y capacitaci\u00f3n, entre otros proyectos. <\/p>\n","protected":false},"excerpt":{"rendered":"<p>Personal municipal involucrado en \u00e1reas relacionadas con aplicaci\u00f3n y seguimiento de las acciones que impulsa en toda la provincia de Buenos Aires el\u00a0 IPAP, Instituto Provincial de la Administraci\u00f3n P\u00fablica tomaron esta ma\u00f1ana una capacitaci\u00f3n dictada por representantes del organismo que depende de la Subsecretar\u00eda de Capital Humano del Ministerio de Jefatura de Gabinete de [&hellip;]<\/p>\n","protected":false},"author":4,"featured_media":47124,"comment_status":"open","ping_status":"closed","sticky":false,"template":"","format":"standard","meta":{"om_disable_all_campaigns":false,"_jetpack_memberships_contains_paid_content":false,"footnotes":""},"categories":[101,2],"tags":[],"class_list":["post-47119","post","type-post","status-publish","format-standard","has-post-thumbnail","hentry","category-interes-general-locales","category-locales"],"aioseo_notices":[],"gutentor_comment":0,"jetpack_featured_media_url":"https:\/\/eldiariodesanpedro.com.ar\/sitio\/wp-content\/uploads\/2019\/02\/WhatsApp-Image-2019-02-06-at-13.03.20-1.jpeg","jetpack_shortlink":"https:\/\/wp.me\/p6RhLt-cfZ","jetpack_sharing_enabled":true,"_links":{"self":[{"href":"https:\/\/eldiariodesanpedro.com.ar\/sitio\/wp-json\/wp\/v2\/posts\/47119","targetHints":{"allow":["GET"]}}],"collection":[{"href":"https:\/\/eldiariodesanpedro.com.ar\/sitio\/wp-json\/wp\/v2\/posts"}],"about":[{"href":"https:\/\/eldiariodesanpedro.com.ar\/sitio\/wp-json\/wp\/v2\/types\/post"}],"author":[{"embeddable":true,"href":"https:\/\/eldiariodesanpedro.com.ar\/sitio\/wp-json\/wp\/v2\/users\/4"}],"replies":[{"embeddable":true,"href":"https:\/\/eldiariodesanpedro.com.ar\/sitio\/wp-json\/wp\/v2\/comments?post=47119"}],"version-history":[{"count":1,"href":"https:\/\/eldiariodesanpedro.com.ar\/sitio\/wp-json\/wp\/v2\/posts\/47119\/revisions"}],"predecessor-version":[{"id":47125,"href":"https:\/\/eldiariodesanpedro.com.ar\/sitio\/wp-json\/wp\/v2\/posts\/47119\/revisions\/47125"}],"wp:featuredmedia":[{"embeddable":true,"href":"https:\/\/eldiariodesanpedro.com.ar\/sitio\/wp-json\/wp\/v2\/media\/47124"}],"wp:attachment":[{"href":"https:\/\/eldiariodesanpedro.com.ar\/sitio\/wp-json\/wp\/v2\/media?parent=47119"}],"wp:term":[{"taxonomy":"category","embeddable":true,"href":"https:\/\/eldiariodesanpedro.com.ar\/sitio\/wp-json\/wp\/v2\/categories?post=47119"},{"taxonomy":"post_tag","embeddable":true,"href":"https:\/\/eldiariodesanpedro.com.ar\/sitio\/wp-json\/wp\/v2\/tags?post=47119"}],"curies":[{"name":"wp","href":"https:\/\/api.w.org\/{rel}","templated":true}]}}