{"id":47116,"date":"2019-02-06T10:06:46","date_gmt":"2019-02-06T13:06:46","guid":{"rendered":"https:\/\/eldiariodesanpedro.com.ar\/sitio\/?p=47116"},"modified":"2019-02-06T10:06:55","modified_gmt":"2019-02-06T13:06:55","slug":"ramanzini-participo-de-la-cumbre-de-alternativa-federal-en-mar-del-plata","status":"publish","type":"post","link":"https:\/\/eldiariodesanpedro.com.ar\/sitio\/ramanzini-participo-de-la-cumbre-de-alternativa-federal-en-mar-del-plata\/","title":{"rendered":"Ramanzini particip\u00f3 de la cumbre de Alternativa Federal en Mar del Plata"},"content":{"rendered":"<!-- VideographyWP Plugin Message: Automatic video embedding prevented by plugin options. -->\n\n<p>\u00a0En Playa Grande, Mar del Plata, a pasos de la arena donde miles de turistas tomaban sol y se refrescaban en el mar, l\u00edderes de Alternativa Federal marcaron esta tarde un punto de partida para el objetivo que espera a diez meses, en las pr\u00f3ximas elecciones generales. Rodeado de gobernadores, legisladores y dirigentes, la mayor\u00eda con fuerte carga peronista, el precandidato presidencial\u00a0Sergio Massa\u00a0fue el m\u00e1s expl\u00edcito en su reclamo de dar forma a una fuerza amplia y capaz de ganar en segunda vuelta al oficialismo.<\/p>\n\n\n\n<p>\u00abTenemos que poner de pie a cada argentino que quiera construir un nuevo gobierno\u00bb, reclam\u00f3 el l\u00edder del Frente Renovador. Y agreg\u00f3: \u00abTenemos que ir a abrazarlo, aunque estemos peleados, pensemos distinto o tengamos diferencias. Tenemos que construir una Moncloa argentina\u00bb, insisti\u00f3 en ese llamado a achicar distancias hacia la construcci\u00f3n de \u00abuna nueva mayor\u00eda\u00bb.<\/p>\n\n\n\n<p>De esta manera Alternativa Federal se convirti\u00f3 este lunes en la primera fuerza nacional opositora a Cambiemos en confirmar su armado camino a las elecciones 2019.<\/p>\n\n\n\n<p>Desde San Pedro estuvo presente, uno de los que particip\u00f3 junto a la comitiva de la segunda secci\u00f3n electoral fue el exconcejal y excandidato a intendente massista Ariel Ramanzini quien ademas no confirmo hasta el momento ser candidato a intendente de nuestra ciudad representando a dicha fuerza. <\/p>\n\n\n\n<p><\/p>\n","protected":false},"excerpt":{"rendered":"<p>\u00a0En Playa Grande, Mar del Plata, a pasos de la arena donde miles de turistas tomaban sol y se refrescaban en el mar, l\u00edderes de Alternativa Federal marcaron esta tarde un punto de partida para el objetivo que espera a diez meses, en las pr\u00f3ximas elecciones generales. Rodeado de gobernadores, legisladores y dirigentes, la mayor\u00eda [&hellip;]<\/p>\n","protected":false},"author":4,"featured_media":47117,"comment_status":"open","ping_status":"closed","sticky":false,"template":"","format":"standard","meta":{"om_disable_all_campaigns":false,"_jetpack_memberships_contains_paid_content":false,"footnotes":""},"categories":[2,102],"tags":[],"class_list":["post-47116","post","type-post","status-publish","format-standard","has-post-thumbnail","hentry","category-locales","category-politica-locales"],"aioseo_notices":[],"gutentor_comment":0,"jetpack_featured_media_url":"https:\/\/eldiariodesanpedro.com.ar\/sitio\/wp-content\/uploads\/2019\/02\/WhatsApp-Image-2019-02-05-at-13.35.39.jpeg","jetpack_shortlink":"https:\/\/wp.me\/p6RhLt-cfW","jetpack_sharing_enabled":true,"_links":{"self":[{"href":"https:\/\/eldiariodesanpedro.com.ar\/sitio\/wp-json\/wp\/v2\/posts\/47116","targetHints":{"allow":["GET"]}}],"collection":[{"href":"https:\/\/eldiariodesanpedro.com.ar\/sitio\/wp-json\/wp\/v2\/posts"}],"about":[{"href":"https:\/\/eldiariodesanpedro.com.ar\/sitio\/wp-json\/wp\/v2\/types\/post"}],"author":[{"embeddable":true,"href":"https:\/\/eldiariodesanpedro.com.ar\/sitio\/wp-json\/wp\/v2\/users\/4"}],"replies":[{"embeddable":true,"href":"https:\/\/eldiariodesanpedro.com.ar\/sitio\/wp-json\/wp\/v2\/comments?post=47116"}],"version-history":[{"count":1,"href":"https:\/\/eldiariodesanpedro.com.ar\/sitio\/wp-json\/wp\/v2\/posts\/47116\/revisions"}],"predecessor-version":[{"id":47118,"href":"https:\/\/eldiariodesanpedro.com.ar\/sitio\/wp-json\/wp\/v2\/posts\/47116\/revisions\/47118"}],"wp:featuredmedia":[{"embeddable":true,"href":"https:\/\/eldiariodesanpedro.com.ar\/sitio\/wp-json\/wp\/v2\/media\/47117"}],"wp:attachment":[{"href":"https:\/\/eldiariodesanpedro.com.ar\/sitio\/wp-json\/wp\/v2\/media?parent=47116"}],"wp:term":[{"taxonomy":"category","embeddable":true,"href":"https:\/\/eldiariodesanpedro.com.ar\/sitio\/wp-json\/wp\/v2\/categories?post=47116"},{"taxonomy":"post_tag","embeddable":true,"href":"https:\/\/eldiariodesanpedro.com.ar\/sitio\/wp-json\/wp\/v2\/tags?post=47116"}],"curies":[{"name":"wp","href":"https:\/\/api.w.org\/{rel}","templated":true}]}}