{"id":47113,"date":"2019-02-06T09:56:27","date_gmt":"2019-02-06T12:56:27","guid":{"rendered":"https:\/\/eldiariodesanpedro.com.ar\/sitio\/?p=47113"},"modified":"2019-02-06T09:56:37","modified_gmt":"2019-02-06T12:56:37","slug":"villa-ramallo-se-realizo-la-fiesta-por-el-133-aniversario","status":"publish","type":"post","link":"https:\/\/eldiariodesanpedro.com.ar\/sitio\/villa-ramallo-se-realizo-la-fiesta-por-el-133-aniversario\/","title":{"rendered":"VILLA RAMALLO: Se realiz\u00f3 la fiesta por el 133\u00b0 aniversario"},"content":{"rendered":"<!-- VideographyWP Plugin Message: Automatic video embedding prevented by plugin options. -->\n\n<p>Tuvo lugar este domingo sobre la Av Dr. Bonfiglio en un escenario donde se presentaron distintos artistas locales y fue reconocido Adalberto \u00abTito\u00bb Pacchioni por ser el autor de la Ordenanza que fija el 3 de febrero como fecha de nacimiento del pueblo, con un paseo peatonal que cont\u00f3 con los puestos de artesanos y gastron\u00f3micos, y una impactante demostraci\u00f3n de acrobacias a\u00e9reas del estudio Bucar\u00e9.<\/p>\n\n\n\n<p>Durante todo el fin de semana, Villa Ramallo estuvo movilizado por las distintas actividades que se organizaron para celebrar el 133\u00b0 aniversario de la localidad.<br><br>El d\u00eda viernes, en el Auditorio Libertador, concursaron once solistas vocales de los cuales tres pasaron a la final del d\u00eda domingo en el concurso \u00abRamallo Suena\u00bb. Los ganadores fueron: Lucas Vecchiarelli, Alberto Guevara y Andres Reynoso. El s\u00e1bado, en el Play\u00f3n de la Estaci\u00f3n, participaron diecinueve bandas y los finalistas fueron: Chicharra Tr\u00eda, Marqueses y Mat\u00edas y Los Elegidos.<br><br>El d\u00eda domingo se vivi\u00f3 la fiesta principal en el Paseo de la Estaci\u00f3n. Un espect\u00e1culo fant\u00e1stico ofreci\u00f3 La Troupe del Aire junto a Bucar\u00e9; desde m\u00e1s de treinta metros de altura, realizaron la Danza A\u00e9rea con arn\u00e9s en gr\u00faa.<br><br>Adem\u00e1s se llev\u00f3 a cabo la final del Concurso \u201cRamallo Suena\u201d. El ganador solista fue Lucas Vecchiarelli, segundo result\u00f3 Alberto Guevara, int\u00e9rprete de tango; y tercero Andres Reynoso con m\u00fasica folkl\u00f3rica. La banda ganadora del concurso fue Chicharra Tr\u00eda, interpretando m\u00fasica latinoamericana; en el segundo lugar se ubic\u00f3 Marqueses y tercero fue Mat\u00edas y Los Elegidos, una banda de Gral Rojo que hizo cumbia.<br><br>Los ni\u00f1os pudieron disfrutar de juegos gratuitos, tambi\u00e9n hubo puestos de artesanos y gastron\u00f3micos. Un grato momento se vivi\u00f3 con el reconocimiento que el delegado de la ciudad, Agust\u00edn Di Bucci, le realiz\u00f3 a Adalberto \u00abTito\u00bb Pacchioni, quien en el a\u00f1o 1994, mediante una Ordenanza, le puso fecha de nacimiento a la ciudad de Villa Ramallo. La fecha recuerda el d\u00eda que se detuvo por primera vez el tren en la Estaci\u00f3n de Villa Ramallo<\/p>\n\n\n\n<p>Fuente:  <a href=\"http:\/\/www.metafm.com.ar\/\">Meta Fm<\/a><\/p>\n","protected":false},"excerpt":{"rendered":"<p>Tuvo lugar este domingo sobre la Av Dr. Bonfiglio en un escenario donde se presentaron distintos artistas locales y fue reconocido Adalberto \u00abTito\u00bb Pacchioni por ser el autor de la Ordenanza que fija el 3 de febrero como fecha de nacimiento del pueblo, con un paseo peatonal que cont\u00f3 con los puestos de artesanos y [&hellip;]<\/p>\n","protected":false},"author":4,"featured_media":47114,"comment_status":"open","ping_status":"closed","sticky":false,"template":"","format":"standard","meta":{"om_disable_all_campaigns":false,"_jetpack_memberships_contains_paid_content":false,"footnotes":""},"categories":[621],"tags":[],"class_list":["post-47113","post","type-post","status-publish","format-standard","has-post-thumbnail","hentry","category-regionales"],"aioseo_notices":[],"gutentor_comment":0,"jetpack_featured_media_url":"https:\/\/eldiariodesanpedro.com.ar\/sitio\/wp-content\/uploads\/2019\/02\/img_nv003338.jpg","jetpack_shortlink":"https:\/\/wp.me\/p6RhLt-cfT","jetpack_sharing_enabled":true,"_links":{"self":[{"href":"https:\/\/eldiariodesanpedro.com.ar\/sitio\/wp-json\/wp\/v2\/posts\/47113","targetHints":{"allow":["GET"]}}],"collection":[{"href":"https:\/\/eldiariodesanpedro.com.ar\/sitio\/wp-json\/wp\/v2\/posts"}],"about":[{"href":"https:\/\/eldiariodesanpedro.com.ar\/sitio\/wp-json\/wp\/v2\/types\/post"}],"author":[{"embeddable":true,"href":"https:\/\/eldiariodesanpedro.com.ar\/sitio\/wp-json\/wp\/v2\/users\/4"}],"replies":[{"embeddable":true,"href":"https:\/\/eldiariodesanpedro.com.ar\/sitio\/wp-json\/wp\/v2\/comments?post=47113"}],"version-history":[{"count":1,"href":"https:\/\/eldiariodesanpedro.com.ar\/sitio\/wp-json\/wp\/v2\/posts\/47113\/revisions"}],"predecessor-version":[{"id":47115,"href":"https:\/\/eldiariodesanpedro.com.ar\/sitio\/wp-json\/wp\/v2\/posts\/47113\/revisions\/47115"}],"wp:featuredmedia":[{"embeddable":true,"href":"https:\/\/eldiariodesanpedro.com.ar\/sitio\/wp-json\/wp\/v2\/media\/47114"}],"wp:attachment":[{"href":"https:\/\/eldiariodesanpedro.com.ar\/sitio\/wp-json\/wp\/v2\/media?parent=47113"}],"wp:term":[{"taxonomy":"category","embeddable":true,"href":"https:\/\/eldiariodesanpedro.com.ar\/sitio\/wp-json\/wp\/v2\/categories?post=47113"},{"taxonomy":"post_tag","embeddable":true,"href":"https:\/\/eldiariodesanpedro.com.ar\/sitio\/wp-json\/wp\/v2\/tags?post=47113"}],"curies":[{"name":"wp","href":"https:\/\/api.w.org\/{rel}","templated":true}]}}