{"id":47110,"date":"2019-02-06T09:53:39","date_gmt":"2019-02-06T12:53:39","guid":{"rendered":"https:\/\/eldiariodesanpedro.com.ar\/sitio\/?p=47110"},"modified":"2019-02-06T09:53:48","modified_gmt":"2019-02-06T12:53:48","slug":"baradero-el-rio-a-2-cm-de-la-etapa-de-evacuacion","status":"publish","type":"post","link":"https:\/\/eldiariodesanpedro.com.ar\/sitio\/baradero-el-rio-a-2-cm-de-la-etapa-de-evacuacion\/","title":{"rendered":"BARADERO: El r\u00edo a 2 cm de la etapa de evacuaci\u00f3n"},"content":{"rendered":"<!-- VideographyWP Plugin Message: Automatic video embedding prevented by plugin options. -->\n\n<p> Con el incremento en el caudal de las aguas locales, vecinos de zona de isla se auto evacuaron.Son alrededor de 100 las personas que tomaron esta decisi\u00f3n, al haber superado el r\u00edo la medida de alerta hace una semana.<\/p>\n\n\n\n<p>Esta ma\u00f1ana la altura registr\u00f3 3.08 metros lo que pone el r\u00edo a 2 cm de la etapa de evacuaci\u00f3n. Hace una semana una familia sufri\u00f3 la ltraci\u00f3n de agua en su casa ubicada en Almirante Brown al 1000 y afortunadamente, este n de semana, Bomberos Voluntarios hicieron tareas de desagote. El Director de Operaciones de Defensa Civil, Oscar Pellegrini, dijo por Tu Radio que \u201cuna vez que pasan los niveles en Victoria que pasa a etapa de evacuaci\u00f3n, el caudal de agua es mucho y es lo que estamos teniendo ahora\u201d.<\/p>\n","protected":false},"excerpt":{"rendered":"<p>Con el incremento en el caudal de las aguas locales, vecinos de zona de isla se auto evacuaron.Son alrededor de 100 las personas que tomaron esta decisi\u00f3n, al haber superado el r\u00edo la medida de alerta hace una semana. Esta ma\u00f1ana la altura registr\u00f3 3.08 metros lo que pone el r\u00edo a 2 cm de [&hellip;]<\/p>\n","protected":false},"author":4,"featured_media":47111,"comment_status":"open","ping_status":"closed","sticky":false,"template":"","format":"standard","meta":{"om_disable_all_campaigns":false,"_jetpack_memberships_contains_paid_content":false,"footnotes":""},"categories":[621],"tags":[],"class_list":["post-47110","post","type-post","status-publish","format-standard","has-post-thumbnail","hentry","category-regionales"],"aioseo_notices":[],"gutentor_comment":0,"jetpack_featured_media_url":"https:\/\/eldiariodesanpedro.com.ar\/sitio\/wp-content\/uploads\/2019\/02\/3-47.jpg","jetpack_shortlink":"https:\/\/wp.me\/p6RhLt-cfQ","jetpack_sharing_enabled":true,"_links":{"self":[{"href":"https:\/\/eldiariodesanpedro.com.ar\/sitio\/wp-json\/wp\/v2\/posts\/47110","targetHints":{"allow":["GET"]}}],"collection":[{"href":"https:\/\/eldiariodesanpedro.com.ar\/sitio\/wp-json\/wp\/v2\/posts"}],"about":[{"href":"https:\/\/eldiariodesanpedro.com.ar\/sitio\/wp-json\/wp\/v2\/types\/post"}],"author":[{"embeddable":true,"href":"https:\/\/eldiariodesanpedro.com.ar\/sitio\/wp-json\/wp\/v2\/users\/4"}],"replies":[{"embeddable":true,"href":"https:\/\/eldiariodesanpedro.com.ar\/sitio\/wp-json\/wp\/v2\/comments?post=47110"}],"version-history":[{"count":1,"href":"https:\/\/eldiariodesanpedro.com.ar\/sitio\/wp-json\/wp\/v2\/posts\/47110\/revisions"}],"predecessor-version":[{"id":47112,"href":"https:\/\/eldiariodesanpedro.com.ar\/sitio\/wp-json\/wp\/v2\/posts\/47110\/revisions\/47112"}],"wp:featuredmedia":[{"embeddable":true,"href":"https:\/\/eldiariodesanpedro.com.ar\/sitio\/wp-json\/wp\/v2\/media\/47111"}],"wp:attachment":[{"href":"https:\/\/eldiariodesanpedro.com.ar\/sitio\/wp-json\/wp\/v2\/media?parent=47110"}],"wp:term":[{"taxonomy":"category","embeddable":true,"href":"https:\/\/eldiariodesanpedro.com.ar\/sitio\/wp-json\/wp\/v2\/categories?post=47110"},{"taxonomy":"post_tag","embeddable":true,"href":"https:\/\/eldiariodesanpedro.com.ar\/sitio\/wp-json\/wp\/v2\/tags?post=47110"}],"curies":[{"name":"wp","href":"https:\/\/api.w.org\/{rel}","templated":true}]}}