{"id":47107,"date":"2019-02-06T09:51:32","date_gmt":"2019-02-06T12:51:32","guid":{"rendered":"https:\/\/eldiariodesanpedro.com.ar\/sitio\/?p=47107"},"modified":"2019-02-06T09:51:41","modified_gmt":"2019-02-06T12:51:41","slug":"zarate-desbaratan-otra-fiesta-clandestina","status":"publish","type":"post","link":"https:\/\/eldiariodesanpedro.com.ar\/sitio\/zarate-desbaratan-otra-fiesta-clandestina\/","title":{"rendered":"Z\u00c1RATE: Desbaratan otra fiesta clandestina"},"content":{"rendered":"<!-- VideographyWP Plugin Message: Automatic video embedding prevented by plugin options. -->\n\n<p>En la madrugada de domingo, el Municipio de Z\u00e1rate a trav\u00e9s de la Secretar\u00eda de Seguridad Ciudadana evit\u00f3 que se siguiera desarrollando una fiesta clandestina en la calle Pellegrini y\u00a0 Colectora de Ruta 9.<\/p>\n\n\n\n<p>En un trabajo en conjunto de la Secretar\u00eda de Seguridad y el \u00e1rea de Comercio, se evit\u00f3 a las 3 de la ma\u00f1ana en un domicilio de la calle Pellegrini y la Colectora de Ruta 9 una fiesta clandestina.<\/p>\n\n\n\n<p>La Secretar\u00eda de Seguridad fue alertada por llamados de vecinos y adem\u00e1s, dentro del recorrido que se realiza a la noche detectaron m\u00fasica alta. Por eso se hicieron presentes en el lugar y corroboraron la fiesta que fue cancelada.<\/p>\n\n\n\n<p>La principal preocupaci\u00f3n del Municipio radica en que en estas&nbsp;fiestas&nbsp;clandestinas suelen ingresar menores de edad, se cobra entrada sin la debida autorizaci\u00f3n, y no se cumplen con las medidas de seguridad establecidas por los organismos competentes.<\/p>\n\n\n\n<p>El Municipio solicita tambi\u00e9n a la poblaci\u00f3n que en caso de tomar conocimiento de la organizaci\u00f3n o realizaci\u00f3n de este tipo de eventos se denuncie dicha situaci\u00f3n a efectos de colaborar entre todos a garantizar la seguridad de los vecinos de Z\u00e1rate.<\/p>\n\n\n\n<p>Para ello, los vecinos se podr\u00e1n comunicar a la\u00a0<strong>DPU (Direcci\u00f3n de Prevenci\u00f3n Urbana)<\/strong>\u00a0al tel\u00e9fono\u00a0<strong>03487<\/strong>\u00a0<strong>442288<\/strong>.<\/p>\n\n\n\n<p>Fuente: Zarate Alerta<\/p>\n","protected":false},"excerpt":{"rendered":"<p>En la madrugada de domingo, el Municipio de Z\u00e1rate a trav\u00e9s de la Secretar\u00eda de Seguridad Ciudadana evit\u00f3 que se siguiera desarrollando una fiesta clandestina en la calle Pellegrini y\u00a0 Colectora de Ruta 9. En un trabajo en conjunto de la Secretar\u00eda de Seguridad y el \u00e1rea de Comercio, se evit\u00f3 a las 3 de [&hellip;]<\/p>\n","protected":false},"author":4,"featured_media":47108,"comment_status":"open","ping_status":"closed","sticky":false,"template":"","format":"standard","meta":{"om_disable_all_campaigns":false,"_jetpack_memberships_contains_paid_content":false,"footnotes":""},"categories":[621],"tags":[],"class_list":["post-47107","post","type-post","status-publish","format-standard","has-post-thumbnail","hentry","category-regionales"],"aioseo_notices":[],"gutentor_comment":0,"jetpack_featured_media_url":"https:\/\/eldiariodesanpedro.com.ar\/sitio\/wp-content\/uploads\/2019\/02\/fiesta-clandestina_658x400.jpeg","jetpack_shortlink":"https:\/\/wp.me\/p6RhLt-cfN","jetpack_sharing_enabled":true,"_links":{"self":[{"href":"https:\/\/eldiariodesanpedro.com.ar\/sitio\/wp-json\/wp\/v2\/posts\/47107","targetHints":{"allow":["GET"]}}],"collection":[{"href":"https:\/\/eldiariodesanpedro.com.ar\/sitio\/wp-json\/wp\/v2\/posts"}],"about":[{"href":"https:\/\/eldiariodesanpedro.com.ar\/sitio\/wp-json\/wp\/v2\/types\/post"}],"author":[{"embeddable":true,"href":"https:\/\/eldiariodesanpedro.com.ar\/sitio\/wp-json\/wp\/v2\/users\/4"}],"replies":[{"embeddable":true,"href":"https:\/\/eldiariodesanpedro.com.ar\/sitio\/wp-json\/wp\/v2\/comments?post=47107"}],"version-history":[{"count":1,"href":"https:\/\/eldiariodesanpedro.com.ar\/sitio\/wp-json\/wp\/v2\/posts\/47107\/revisions"}],"predecessor-version":[{"id":47109,"href":"https:\/\/eldiariodesanpedro.com.ar\/sitio\/wp-json\/wp\/v2\/posts\/47107\/revisions\/47109"}],"wp:featuredmedia":[{"embeddable":true,"href":"https:\/\/eldiariodesanpedro.com.ar\/sitio\/wp-json\/wp\/v2\/media\/47108"}],"wp:attachment":[{"href":"https:\/\/eldiariodesanpedro.com.ar\/sitio\/wp-json\/wp\/v2\/media?parent=47107"}],"wp:term":[{"taxonomy":"category","embeddable":true,"href":"https:\/\/eldiariodesanpedro.com.ar\/sitio\/wp-json\/wp\/v2\/categories?post=47107"},{"taxonomy":"post_tag","embeddable":true,"href":"https:\/\/eldiariodesanpedro.com.ar\/sitio\/wp-json\/wp\/v2\/tags?post=47107"}],"curies":[{"name":"wp","href":"https:\/\/api.w.org\/{rel}","templated":true}]}}