{"id":47102,"date":"2019-02-06T09:48:52","date_gmt":"2019-02-06T12:48:52","guid":{"rendered":"https:\/\/eldiariodesanpedro.com.ar\/sitio\/?p=47102"},"modified":"2019-02-06T09:49:02","modified_gmt":"2019-02-06T12:49:02","slug":"baradero-se-busca-a-pedro-hernan-cabana-patino-residente-de-apand","status":"publish","type":"post","link":"https:\/\/eldiariodesanpedro.com.ar\/sitio\/baradero-se-busca-a-pedro-hernan-cabana-patino-residente-de-apand\/","title":{"rendered":"BARADERO: Se busca a Pedro Hern\u00e1n Caba\u00f1a Pati\u00f1o, residente de APAND"},"content":{"rendered":"<!-- VideographyWP Plugin Message: Automatic video embedding prevented by plugin options. -->\n\n<p>En la vecina localidad de Baradero,  se comunic\u00f3 por parte de la comisar\u00eda de esa ciudad la b\u00fasqueda de un joven de 15 a\u00f1os de edad que se encuentra alojado en APAND. <\/p>\n\n\n\n<p>\u00abInformo a usted a los fines de ubicar el paradero del menor PATI\u00d1O CABA\u00d1A PEDRO HERNAN,  de nacionalidad paraguayo de 15 a\u00f1os de edad, no posee instrucci\u00f3n, soltero, alojado en el hogar de APAND ubicado en calle S\u00e1nchez Loria y Lino Pi\u00f1eiro\u00bb.<\/p>\n\n\n\n<p>Mismo resulta ser delgado, 1,65 Mtrs., cabellos corto marr\u00f3n oscuro, tez trigue\u00f1a, ojos marrones oscuros, vest\u00eda bermuda de color clara tipo beige, remera de color negra,\u00a0 zapatillas con tonos marrones.<\/p>\n\n\n\n<p>El menor carece de medios de comunicaci\u00f3n y documentaci\u00f3n personal, y anteriormente ya se habia extravidado. <\/p>\n\n\n\n<p>Interviene la UFI N\u00ba 9 a cargo del Dr. Vicente Gomez de este Departamento Judicial. Cualquier novedad informar de inmediato a esta seccional policial, tel\u00e9fono numero 03329 \u2013 480115\/480756.-<\/p>\n\n\n\n<figure class=\"wp-block-image\"><img decoding=\"async\" width=\"720\" height=\"960\" data-attachment-id=\"47105\" data-permalink=\"https:\/\/eldiariodesanpedro.com.ar\/sitio\/baradero-se-busca-a-pedro-hernan-cabana-patino-residente-de-apand\/51467483_2066686616749098_8718556205246578688_n-2\/\" data-orig-file=\"https:\/\/eldiariodesanpedro.com.ar\/sitio\/wp-content\/uploads\/2019\/02\/51467483_2066686616749098_8718556205246578688_n-1.jpg\" data-orig-size=\"720,960\" data-comments-opened=\"1\" data-image-meta=\"{&quot;aperture&quot;:&quot;0&quot;,&quot;credit&quot;:&quot;&quot;,&quot;camera&quot;:&quot;&quot;,&quot;caption&quot;:&quot;&quot;,&quot;created_timestamp&quot;:&quot;0&quot;,&quot;copyright&quot;:&quot;&quot;,&quot;focal_length&quot;:&quot;0&quot;,&quot;iso&quot;:&quot;0&quot;,&quot;shutter_speed&quot;:&quot;0&quot;,&quot;title&quot;:&quot;&quot;,&quot;orientation&quot;:&quot;0&quot;}\" data-image-title=\"51467483_2066686616749098_8718556205246578688_n\" data-image-description=\"\" data-image-caption=\"\" data-large-file=\"https:\/\/eldiariodesanpedro.com.ar\/sitio\/wp-content\/uploads\/2019\/02\/51467483_2066686616749098_8718556205246578688_n-1.jpg\" data-src=\"https:\/\/eldiariodesanpedro.com.ar\/sitio\/wp-content\/uploads\/2019\/02\/51467483_2066686616749098_8718556205246578688_n-1.jpg\" alt=\"\" class=\"wp-image-47105 lazyload\" data-srcset=\"https:\/\/eldiariodesanpedro.com.ar\/sitio\/wp-content\/uploads\/2019\/02\/51467483_2066686616749098_8718556205246578688_n-1.jpg 720w, https:\/\/eldiariodesanpedro.com.ar\/sitio\/wp-content\/uploads\/2019\/02\/51467483_2066686616749098_8718556205246578688_n-1-225x300.jpg 225w\" data-sizes=\"(max-width: 720px) 100vw, 720px\" src=\"data:image\/svg+xml;base64,PHN2ZyB3aWR0aD0iMSIgaGVpZ2h0PSIxIiB4bWxucz0iaHR0cDovL3d3dy53My5vcmcvMjAwMC9zdmciPjwvc3ZnPg==\" style=\"--smush-placeholder-width: 720px; --smush-placeholder-aspect-ratio: 720\/960;\" \/><\/figure>\n","protected":false},"excerpt":{"rendered":"<p>En la vecina localidad de Baradero, se comunic\u00f3 por parte de la comisar\u00eda de esa ciudad la b\u00fasqueda de un joven de 15 a\u00f1os de edad que se encuentra alojado en APAND. \u00abInformo a usted a los fines de ubicar el paradero del menor PATI\u00d1O CABA\u00d1A PEDRO HERNAN, de nacionalidad paraguayo de 15 a\u00f1os de [&hellip;]<\/p>\n","protected":false},"author":4,"featured_media":47103,"comment_status":"open","ping_status":"closed","sticky":false,"template":"","format":"standard","meta":{"om_disable_all_campaigns":false,"_jetpack_memberships_contains_paid_content":false,"footnotes":""},"categories":[621],"tags":[],"class_list":["post-47102","post","type-post","status-publish","format-standard","has-post-thumbnail","hentry","category-regionales"],"aioseo_notices":[],"gutentor_comment":0,"jetpack_featured_media_url":"https:\/\/eldiariodesanpedro.com.ar\/sitio\/wp-content\/uploads\/2019\/02\/51467483_2066686616749098_8718556205246578688_n-copia.jpg","jetpack_shortlink":"https:\/\/wp.me\/p6RhLt-cfI","jetpack_sharing_enabled":true,"_links":{"self":[{"href":"https:\/\/eldiariodesanpedro.com.ar\/sitio\/wp-json\/wp\/v2\/posts\/47102","targetHints":{"allow":["GET"]}}],"collection":[{"href":"https:\/\/eldiariodesanpedro.com.ar\/sitio\/wp-json\/wp\/v2\/posts"}],"about":[{"href":"https:\/\/eldiariodesanpedro.com.ar\/sitio\/wp-json\/wp\/v2\/types\/post"}],"author":[{"embeddable":true,"href":"https:\/\/eldiariodesanpedro.com.ar\/sitio\/wp-json\/wp\/v2\/users\/4"}],"replies":[{"embeddable":true,"href":"https:\/\/eldiariodesanpedro.com.ar\/sitio\/wp-json\/wp\/v2\/comments?post=47102"}],"version-history":[{"count":1,"href":"https:\/\/eldiariodesanpedro.com.ar\/sitio\/wp-json\/wp\/v2\/posts\/47102\/revisions"}],"predecessor-version":[{"id":47106,"href":"https:\/\/eldiariodesanpedro.com.ar\/sitio\/wp-json\/wp\/v2\/posts\/47102\/revisions\/47106"}],"wp:featuredmedia":[{"embeddable":true,"href":"https:\/\/eldiariodesanpedro.com.ar\/sitio\/wp-json\/wp\/v2\/media\/47103"}],"wp:attachment":[{"href":"https:\/\/eldiariodesanpedro.com.ar\/sitio\/wp-json\/wp\/v2\/media?parent=47102"}],"wp:term":[{"taxonomy":"category","embeddable":true,"href":"https:\/\/eldiariodesanpedro.com.ar\/sitio\/wp-json\/wp\/v2\/categories?post=47102"},{"taxonomy":"post_tag","embeddable":true,"href":"https:\/\/eldiariodesanpedro.com.ar\/sitio\/wp-json\/wp\/v2\/tags?post=47102"}],"curies":[{"name":"wp","href":"https:\/\/api.w.org\/{rel}","templated":true}]}}