{"id":47098,"date":"2019-02-06T09:34:15","date_gmt":"2019-02-06T12:34:15","guid":{"rendered":"https:\/\/eldiariodesanpedro.com.ar\/sitio\/?p=47098"},"modified":"2019-02-06T09:34:50","modified_gmt":"2019-02-06T12:34:50","slug":"baradero-el-secretario-de-gobierno-presento-oficialmente-el-festival-de-baradero-en-cosquin","status":"publish","type":"post","link":"https:\/\/eldiariodesanpedro.com.ar\/sitio\/baradero-el-secretario-de-gobierno-presento-oficialmente-el-festival-de-baradero-en-cosquin\/","title":{"rendered":"BARADERO: El secretario de gobierno present\u00f3 oficialmente el Festival de Baradero en Cosqu\u00edn"},"content":{"rendered":"<!-- VideographyWP Plugin Message: Automatic video embedding prevented by plugin options. -->\n\n<p>Mart\u00edn Genoud viaj\u00f3 a la ciudad de Cosqu\u00edn para presentar oficialmente el 45\u00b0 Festival Nacional de M\u00fasica Popular Argentina 2019 que se desarrollar\u00e1 en Baradero del 14 al 18 de febrero.Acompa\u00f1ado por artistas y autoridades, el funcionario local dio una conferencia en la sala de prensa del Festival de Cosqu\u00edn ante medios de comunicaci\u00f3n de todo el pa\u00eds, donde concret\u00f3 el lanzamiento de la grilla de artistas del evento m\u00e1s importante de la provincia bonaerense y detall\u00f3 sobre los puntos de venta y valores de las entradas. Adem\u00e1s, mantuvo reuniones con la Comisi\u00f3n del Festival y con el intendente de la ciudad para coordinar actividades y abordar temas en com\u00fan.<\/p>\n\n\n\n<p>En la promoci\u00f3n del evento, Genoud tambi\u00e9n se reuni\u00f3 con artistas y representantes; y con autoridades de la empresa Pase Show, encargada de la venta de entradas en el Festival de Cosqu\u00edn y Baradero.<\/p>\n\n\n\n<p>M\u00e1s all\u00e1 de la difusi\u00f3n de la Final Nacional del Pre-Festival y del Festival, dio a conocer sobre los eventos que ofrecer\u00e1 la ciudad en febrero y en marzo, entre ellos, la Noche de los Museos (12 de febrero), la Pe\u00f1a Oficial (15, 16, 17 de febrero), Baradero Rock (2, 3, 4 de marzo) y el Festival de Jazz &amp; Soul (9 de marzo).<\/p>\n\n\n\n<p>Fuente: <a href=\"http:\/\/tiemponoticias.com.ar\">Tiempo Noticias<\/a><\/p>\n","protected":false},"excerpt":{"rendered":"<p>Mart\u00edn Genoud viaj\u00f3 a la ciudad de Cosqu\u00edn para presentar oficialmente el 45\u00b0 Festival Nacional de M\u00fasica Popular Argentina 2019 que se desarrollar\u00e1 en Baradero del 14 al 18 de febrero.Acompa\u00f1ado por artistas y autoridades, el funcionario local dio una conferencia en la sala de prensa del Festival de Cosqu\u00edn ante medios de comunicaci\u00f3n de [&hellip;]<\/p>\n","protected":false},"author":4,"featured_media":47099,"comment_status":"open","ping_status":"closed","sticky":false,"template":"","format":"standard","meta":{"om_disable_all_campaigns":false,"_jetpack_memberships_contains_paid_content":false,"footnotes":""},"categories":[621],"tags":[],"class_list":["post-47098","post","type-post","status-publish","format-standard","has-post-thumbnail","hentry","category-regionales"],"aioseo_notices":[],"gutentor_comment":0,"jetpack_featured_media_url":"https:\/\/eldiariodesanpedro.com.ar\/sitio\/wp-content\/uploads\/2019\/02\/thumbnail-7.jpg","jetpack_shortlink":"https:\/\/wp.me\/p6RhLt-cfE","jetpack_sharing_enabled":true,"_links":{"self":[{"href":"https:\/\/eldiariodesanpedro.com.ar\/sitio\/wp-json\/wp\/v2\/posts\/47098","targetHints":{"allow":["GET"]}}],"collection":[{"href":"https:\/\/eldiariodesanpedro.com.ar\/sitio\/wp-json\/wp\/v2\/posts"}],"about":[{"href":"https:\/\/eldiariodesanpedro.com.ar\/sitio\/wp-json\/wp\/v2\/types\/post"}],"author":[{"embeddable":true,"href":"https:\/\/eldiariodesanpedro.com.ar\/sitio\/wp-json\/wp\/v2\/users\/4"}],"replies":[{"embeddable":true,"href":"https:\/\/eldiariodesanpedro.com.ar\/sitio\/wp-json\/wp\/v2\/comments?post=47098"}],"version-history":[{"count":2,"href":"https:\/\/eldiariodesanpedro.com.ar\/sitio\/wp-json\/wp\/v2\/posts\/47098\/revisions"}],"predecessor-version":[{"id":47101,"href":"https:\/\/eldiariodesanpedro.com.ar\/sitio\/wp-json\/wp\/v2\/posts\/47098\/revisions\/47101"}],"wp:featuredmedia":[{"embeddable":true,"href":"https:\/\/eldiariodesanpedro.com.ar\/sitio\/wp-json\/wp\/v2\/media\/47099"}],"wp:attachment":[{"href":"https:\/\/eldiariodesanpedro.com.ar\/sitio\/wp-json\/wp\/v2\/media?parent=47098"}],"wp:term":[{"taxonomy":"category","embeddable":true,"href":"https:\/\/eldiariodesanpedro.com.ar\/sitio\/wp-json\/wp\/v2\/categories?post=47098"},{"taxonomy":"post_tag","embeddable":true,"href":"https:\/\/eldiariodesanpedro.com.ar\/sitio\/wp-json\/wp\/v2\/tags?post=47098"}],"curies":[{"name":"wp","href":"https:\/\/api.w.org\/{rel}","templated":true}]}}