{"id":47094,"date":"2019-02-06T09:31:40","date_gmt":"2019-02-06T12:31:40","guid":{"rendered":"https:\/\/eldiariodesanpedro.com.ar\/sitio\/?p=47094"},"modified":"2019-02-06T09:32:13","modified_gmt":"2019-02-06T12:32:13","slug":"baradero-un-camion-colisiono-contra-varios-autos-en-ingredion","status":"publish","type":"post","link":"https:\/\/eldiariodesanpedro.com.ar\/sitio\/baradero-un-camion-colisiono-contra-varios-autos-en-ingredion\/","title":{"rendered":"BARADERO: Un cami\u00f3n colision\u00f3 contra varios autos en Ingredion"},"content":{"rendered":"<!-- VideographyWP Plugin Message: Automatic video embedding prevented by plugin options. -->\n\n<p>Cerca de las 16:30 de esta tarde de martes se produjo un accidente que podr\u00eda haber sido un a verdadera tragedia.<\/p>\n\n\n\n<p>Un cami\u00f3n que transportaba ma\u00edz y venia a descargar a la planta Ingredi\u00f3n se llevo puesto el estacionamiento que esta en la parte exterior de la planta.<\/p>\n\n\n\n<p>Existen dos versiones sobre el motivo del accidente, una es que el conductor habr\u00eda sido picado por una avispa y ser\u00eda al\u00e9rgico y la otra y m\u00e1s fuerte es que tuvo un infarto.<\/p>\n\n\n\n<p>Todav\u00eda permanece internado en terapia intensiva del hospital.<\/p>\n\n\n\n<p>El cami\u00f3n ademas de destruir el techo del estacionamiento, tambi\u00e9n arrastr\u00f3 y colision\u00f3 por lo menos dos autos.<\/p>\n\n\n\n<p>El ingres\u00f3 de camiones cambi\u00f3 su circuito normal por que la bajada de Thames esta cortada por reparaciones.<\/p>\n\n\n\n<p>Fuente: Baradero Te Informa<\/p>\n","protected":false},"excerpt":{"rendered":"<p>Cerca de las 16:30 de esta tarde de martes se produjo un accidente que podr\u00eda haber sido un a verdadera tragedia. Un cami\u00f3n que transportaba ma\u00edz y venia a descargar a la planta Ingredi\u00f3n se llevo puesto el estacionamiento que esta en la parte exterior de la planta. Existen dos versiones sobre el motivo del [&hellip;]<\/p>\n","protected":false},"author":4,"featured_media":47095,"comment_status":"open","ping_status":"closed","sticky":false,"template":"","format":"standard","meta":{"om_disable_all_campaigns":false,"_jetpack_memberships_contains_paid_content":false,"footnotes":""},"categories":[621],"tags":[],"class_list":["post-47094","post","type-post","status-publish","format-standard","has-post-thumbnail","hentry","category-regionales"],"aioseo_notices":[],"gutentor_comment":0,"jetpack_featured_media_url":"https:\/\/eldiariodesanpedro.com.ar\/sitio\/wp-content\/uploads\/2019\/02\/IMG_1890-Copy-1.jpg","jetpack_shortlink":"https:\/\/wp.me\/p6RhLt-cfA","jetpack_sharing_enabled":true,"_links":{"self":[{"href":"https:\/\/eldiariodesanpedro.com.ar\/sitio\/wp-json\/wp\/v2\/posts\/47094","targetHints":{"allow":["GET"]}}],"collection":[{"href":"https:\/\/eldiariodesanpedro.com.ar\/sitio\/wp-json\/wp\/v2\/posts"}],"about":[{"href":"https:\/\/eldiariodesanpedro.com.ar\/sitio\/wp-json\/wp\/v2\/types\/post"}],"author":[{"embeddable":true,"href":"https:\/\/eldiariodesanpedro.com.ar\/sitio\/wp-json\/wp\/v2\/users\/4"}],"replies":[{"embeddable":true,"href":"https:\/\/eldiariodesanpedro.com.ar\/sitio\/wp-json\/wp\/v2\/comments?post=47094"}],"version-history":[{"count":2,"href":"https:\/\/eldiariodesanpedro.com.ar\/sitio\/wp-json\/wp\/v2\/posts\/47094\/revisions"}],"predecessor-version":[{"id":47097,"href":"https:\/\/eldiariodesanpedro.com.ar\/sitio\/wp-json\/wp\/v2\/posts\/47094\/revisions\/47097"}],"wp:featuredmedia":[{"embeddable":true,"href":"https:\/\/eldiariodesanpedro.com.ar\/sitio\/wp-json\/wp\/v2\/media\/47095"}],"wp:attachment":[{"href":"https:\/\/eldiariodesanpedro.com.ar\/sitio\/wp-json\/wp\/v2\/media?parent=47094"}],"wp:term":[{"taxonomy":"category","embeddable":true,"href":"https:\/\/eldiariodesanpedro.com.ar\/sitio\/wp-json\/wp\/v2\/categories?post=47094"},{"taxonomy":"post_tag","embeddable":true,"href":"https:\/\/eldiariodesanpedro.com.ar\/sitio\/wp-json\/wp\/v2\/tags?post=47094"}],"curies":[{"name":"wp","href":"https:\/\/api.w.org\/{rel}","templated":true}]}}