{"id":4709,"date":"2016-05-24T20:48:51","date_gmt":"2016-05-24T23:48:51","guid":{"rendered":"https:\/\/eldiariodesanpedro.com.ar\/sitio\/?p=4709"},"modified":"2016-05-24T20:48:51","modified_gmt":"2016-05-24T23:48:51","slug":"el-municipio-ofrecio-alquilar-la-clinica-san-martin-y-los-empleados-se-opusieron","status":"publish","type":"post","link":"https:\/\/eldiariodesanpedro.com.ar\/sitio\/el-municipio-ofrecio-alquilar-la-clinica-san-martin-y-los-empleados-se-opusieron\/","title":{"rendered":"El municipio ofreci\u00f3 alquilar la cl\u00ednica San Mart\u00edn y los empleados se opusieron"},"content":{"rendered":"<p><!-- VideographyWP Plugin Message: Automatic video embedding prevented by plugin options. --><br \/>\nLa iniciativa fue propuesta por autoridades municipales a las de la cl\u00ednica en una reuni\u00f3n celebrada el lunes por la noche. La propuesta tiene como objetivo aliviar la internaci\u00f3n en el nosocomio local, debido a la gran demanda que han tenido en los \u00faltimos tiempos justamente por el cierre del centro asistencial privado y sobre todo con los pacientes de PAMI que en los \u00faltimos han tenido una muy mala atenci\u00f3n en la cl\u00ednica San Pedro.<br \/>\nLa oferta rond\u00f3 unos 600.000 pesos por parte del Municipio y habr\u00e1 que esperar que deciden los accionistas.<br \/>\nSin embargo los empleados de la cl\u00ednica se oponen a esta situaci\u00f3n. \u201cNuestra compa\u00f1eras no lo aceptaron. Coopser gerenciar\u00eda por dos a\u00f1os y este es un alquiler por 3 meses. Es menos favorable\u201d, manifest\u00f3 Isabel Bravo, Secretaria Gremial de ATSA.<br \/>\nEn tanto que fuentes confirmaron que la cl\u00ednica solo le debe a la Coopser el corte del balance certificado por el contador. Cosa que por el momento no se ha logrado y ser\u00eda fundamental para cerrar el trato.<\/p>\n","protected":false},"excerpt":{"rendered":"<p>La iniciativa fue propuesta por autoridades municipales a las de la cl\u00ednica en una reuni\u00f3n celebrada el lunes por la noche. La propuesta tiene como objetivo aliviar la internaci\u00f3n en el nosocomio local, debido a la gran demanda que han tenido en los \u00faltimos tiempos justamente por el cierre del centro asistencial privado y sobre [&hellip;]<\/p>\n","protected":false},"author":4,"featured_media":3373,"comment_status":"open","ping_status":"closed","sticky":false,"template":"","format":"standard","meta":{"om_disable_all_campaigns":false,"_jetpack_memberships_contains_paid_content":false,"footnotes":""},"categories":[50,2,102],"tags":[],"class_list":["post-4709","post","type-post","status-publish","format-standard","has-post-thumbnail","hentry","category-destacadas","category-locales","category-politica-locales"],"aioseo_notices":[],"gutentor_comment":0,"jetpack_featured_media_url":"https:\/\/eldiariodesanpedro.com.ar\/sitio\/wp-content\/uploads\/2016\/04\/PAGINA-4-01-1.jpg","jetpack_shortlink":"https:\/\/wp.me\/p6RhLt-1dX","jetpack_sharing_enabled":true,"_links":{"self":[{"href":"https:\/\/eldiariodesanpedro.com.ar\/sitio\/wp-json\/wp\/v2\/posts\/4709","targetHints":{"allow":["GET"]}}],"collection":[{"href":"https:\/\/eldiariodesanpedro.com.ar\/sitio\/wp-json\/wp\/v2\/posts"}],"about":[{"href":"https:\/\/eldiariodesanpedro.com.ar\/sitio\/wp-json\/wp\/v2\/types\/post"}],"author":[{"embeddable":true,"href":"https:\/\/eldiariodesanpedro.com.ar\/sitio\/wp-json\/wp\/v2\/users\/4"}],"replies":[{"embeddable":true,"href":"https:\/\/eldiariodesanpedro.com.ar\/sitio\/wp-json\/wp\/v2\/comments?post=4709"}],"version-history":[{"count":1,"href":"https:\/\/eldiariodesanpedro.com.ar\/sitio\/wp-json\/wp\/v2\/posts\/4709\/revisions"}],"predecessor-version":[{"id":4710,"href":"https:\/\/eldiariodesanpedro.com.ar\/sitio\/wp-json\/wp\/v2\/posts\/4709\/revisions\/4710"}],"wp:featuredmedia":[{"embeddable":true,"href":"https:\/\/eldiariodesanpedro.com.ar\/sitio\/wp-json\/wp\/v2\/media\/3373"}],"wp:attachment":[{"href":"https:\/\/eldiariodesanpedro.com.ar\/sitio\/wp-json\/wp\/v2\/media?parent=4709"}],"wp:term":[{"taxonomy":"category","embeddable":true,"href":"https:\/\/eldiariodesanpedro.com.ar\/sitio\/wp-json\/wp\/v2\/categories?post=4709"},{"taxonomy":"post_tag","embeddable":true,"href":"https:\/\/eldiariodesanpedro.com.ar\/sitio\/wp-json\/wp\/v2\/tags?post=4709"}],"curies":[{"name":"wp","href":"https:\/\/api.w.org\/{rel}","templated":true}]}}