{"id":47089,"date":"2019-02-06T09:14:09","date_gmt":"2019-02-06T12:14:09","guid":{"rendered":"https:\/\/eldiariodesanpedro.com.ar\/sitio\/?p=47089"},"modified":"2019-02-06T09:14:17","modified_gmt":"2019-02-06T12:14:17","slug":"cierra-la-oficina-de-pami-en-santa-lucia","status":"publish","type":"post","link":"https:\/\/eldiariodesanpedro.com.ar\/sitio\/cierra-la-oficina-de-pami-en-santa-lucia\/","title":{"rendered":"Cierra la oficina de PAMI en Santa Lucia"},"content":{"rendered":"<!-- VideographyWP Plugin Message: Automatic video embedding prevented by plugin options. -->\n\n<p> La noticia cay\u00f3 como un baldazo de agua fr\u00eda en las oficinas del PAMI en\u00a0 el pueblo.  Los abuelos tendr\u00e1n 100 pesos de gasto de boleto o deber\u00e1n ser trasladados por un familiar para hacer los tramites en San Pedro.<\/p>\n\n\n\n<p> El cierre de la oficina se da en el marco de una serie de recortes cada vez m\u00e1s acentuados que viene desarrollando el gobierno en diferentes \u00e1reas relacionadas con la asistencia social.\u00a0 <\/p>\n\n\n\n<p>Son 10 dependencias que cerraran en todo el pais,  que afectar\u00e1n la atenci\u00f3n al p\u00fablico de miles de jubilados de manera escalonada y descentralizada. <\/p>\n\n\n\n<p> Esto tambi\u00e9n implicar\u00eda a los jubilados santalucenses  mayor tiempo de espera dado que m\u00e1s gente realiza gestiones en las oficinas de la ciudad, es una perdida de derecho que va aumentando cada vez mas en los sectores mas vulnerables. <\/p>\n\n\n\n<p>Hablemos de gente mayor, hablemos de gente con discapacidad y de gente humilde que hoy sigue golpe\u00e1ndolos.<\/p>\n\n\n\n<p>Valentin Mastrangello,  Secretario General del Sindicato de Trabajadores de PAMI,  invita a movilizarse y expresarse contra esta medida.<\/p>\n\n\n\n<p>Este jueves sera una nueva convocatoria en el centro de nuestra ciudad y es el llamado del Secretario a que la gente pueda sumarse y levantar firmas para evitar esta decisi\u00f3n.<\/p>\n\n\n\n<p><strong>Lo que dice PAMI<\/strong><\/p>\n\n\n\n<p>Por lo pronto, la instituci\u00f3n no ha emitido ning\u00fan comunicado al respecto del cierre de las oficinas, aunque fuentes del organismo confiaron a Cuatro Vientos que la decisi\u00f3n tuvo que ver con<em>&nbsp;\u00abuna reestructuraci\u00f3n que hicieron a nivel Central\u00bb.<\/em><\/p>\n\n\n\n<p><\/p>\n\n\n\n<p><\/p>\n","protected":false},"excerpt":{"rendered":"<p>La noticia cay\u00f3 como un baldazo de agua fr\u00eda en las oficinas del PAMI en\u00a0 el pueblo. Los abuelos tendr\u00e1n 100 pesos de gasto de boleto o deber\u00e1n ser trasladados por un familiar para hacer los tramites en San Pedro. El cierre de la oficina se da en el marco de una serie de recortes [&hellip;]<\/p>\n","protected":false},"author":4,"featured_media":47091,"comment_status":"open","ping_status":"closed","sticky":false,"template":"","format":"standard","meta":{"om_disable_all_campaigns":false,"_jetpack_memberships_contains_paid_content":false,"footnotes":""},"categories":[50,101,2],"tags":[],"class_list":["post-47089","post","type-post","status-publish","format-standard","has-post-thumbnail","hentry","category-destacadas","category-interes-general-locales","category-locales"],"aioseo_notices":[],"gutentor_comment":0,"jetpack_featured_media_url":"https:\/\/eldiariodesanpedro.com.ar\/sitio\/wp-content\/uploads\/2019\/02\/pami-central-telefono.jpg","jetpack_shortlink":"https:\/\/wp.me\/p6RhLt-cfv","jetpack_sharing_enabled":true,"_links":{"self":[{"href":"https:\/\/eldiariodesanpedro.com.ar\/sitio\/wp-json\/wp\/v2\/posts\/47089","targetHints":{"allow":["GET"]}}],"collection":[{"href":"https:\/\/eldiariodesanpedro.com.ar\/sitio\/wp-json\/wp\/v2\/posts"}],"about":[{"href":"https:\/\/eldiariodesanpedro.com.ar\/sitio\/wp-json\/wp\/v2\/types\/post"}],"author":[{"embeddable":true,"href":"https:\/\/eldiariodesanpedro.com.ar\/sitio\/wp-json\/wp\/v2\/users\/4"}],"replies":[{"embeddable":true,"href":"https:\/\/eldiariodesanpedro.com.ar\/sitio\/wp-json\/wp\/v2\/comments?post=47089"}],"version-history":[{"count":1,"href":"https:\/\/eldiariodesanpedro.com.ar\/sitio\/wp-json\/wp\/v2\/posts\/47089\/revisions"}],"predecessor-version":[{"id":47092,"href":"https:\/\/eldiariodesanpedro.com.ar\/sitio\/wp-json\/wp\/v2\/posts\/47089\/revisions\/47092"}],"wp:featuredmedia":[{"embeddable":true,"href":"https:\/\/eldiariodesanpedro.com.ar\/sitio\/wp-json\/wp\/v2\/media\/47091"}],"wp:attachment":[{"href":"https:\/\/eldiariodesanpedro.com.ar\/sitio\/wp-json\/wp\/v2\/media?parent=47089"}],"wp:term":[{"taxonomy":"category","embeddable":true,"href":"https:\/\/eldiariodesanpedro.com.ar\/sitio\/wp-json\/wp\/v2\/categories?post=47089"},{"taxonomy":"post_tag","embeddable":true,"href":"https:\/\/eldiariodesanpedro.com.ar\/sitio\/wp-json\/wp\/v2\/tags?post=47089"}],"curies":[{"name":"wp","href":"https:\/\/api.w.org\/{rel}","templated":true}]}}