{"id":47086,"date":"2019-02-05T18:45:23","date_gmt":"2019-02-05T21:45:23","guid":{"rendered":"https:\/\/eldiariodesanpedro.com.ar\/sitio\/?p=47086"},"modified":"2019-02-05T18:45:33","modified_gmt":"2019-02-05T21:45:33","slug":"firma-del-acuerdo-entre-la-camara-de-turismo-del-ccit-y-gremios-que-nuclean-a-mas-de-80-mil-afiliados","status":"publish","type":"post","link":"https:\/\/eldiariodesanpedro.com.ar\/sitio\/firma-del-acuerdo-entre-la-camara-de-turismo-del-ccit-y-gremios-que-nuclean-a-mas-de-80-mil-afiliados\/","title":{"rendered":"Firma del acuerdo entre la C\u00e1mara de Turismo del CCIT y gremios que nuclean a m\u00e1s de 80 mil afiliados"},"content":{"rendered":"<!-- VideographyWP Plugin Message: Automatic video embedding prevented by plugin options. -->\n\n<p>El Centro de Comercio, Industria y Turismo (CCIT) de San Pedro invita a la prensa local para este\u00a0<strong>jueves 7 de febrero\u00a0<\/strong>a las 13, a participar de la presentaci\u00f3n oficial del convenio que se firmar\u00e1 entre la C\u00e1mara de Turismo de la entidad y la\u00a0<strong>CGT Regional Avellaneda &#8211; Lan\u00fas,<\/strong>\u00a0con el prop\u00f3sito de generar la concurrencia de contingentes a nuestra zona.\u00a0<br><\/p>\n\n\n\n<p>Para suscribir el acuerdo estar\u00e1n presentes funcionarios de los sindicatos de Camioneros, Panaderos, V\u00edas Navegables, UTEDYC, Patrones Fluviales, Distribuidores de Diarios y Revistas, Gas y Petr\u00f3leo y UPSA entre otros que adem\u00e1s integran la Rueda Solidaria de Turismo Social y Sindical.<br><\/p>\n\n\n\n<p>Los gremios incluidos en esta acci\u00f3n, nuclean a m\u00e1s de 80 mil afiliados y la iniciativa acerca beneficios y propuestas para que puedan elegir hacer turismo en San Pedro a trav\u00e9s de futuros acuerdos con diferentes emprendimientos hoteleros, gastron\u00f3micos y de servicios en general.<br><\/p>\n\n\n\n<p>En el acto se brindar\u00e1n adem\u00e1s otros detalles sobre las actividades realizadas y planificadas desde la C\u00e1mara de reciente formaci\u00f3n. Entre otras se destacan el Congreso Nacional de Turismo Social del mes de abril, para el que se ha postulado San Pedro (los anteriores fueron en Bariloche y Puerto Iguaz\u00fa).<\/p>\n","protected":false},"excerpt":{"rendered":"<p>El Centro de Comercio, Industria y Turismo (CCIT) de San Pedro invita a la prensa local para este\u00a0jueves 7 de febrero\u00a0a las 13, a participar de la presentaci\u00f3n oficial del convenio que se firmar\u00e1 entre la C\u00e1mara de Turismo de la entidad y la\u00a0CGT Regional Avellaneda &#8211; Lan\u00fas,\u00a0con el prop\u00f3sito de generar la concurrencia de [&hellip;]<\/p>\n","protected":false},"author":4,"featured_media":3126,"comment_status":"open","ping_status":"closed","sticky":false,"template":"","format":"standard","meta":{"om_disable_all_campaigns":false,"_jetpack_memberships_contains_paid_content":false,"footnotes":""},"categories":[101,2],"tags":[],"class_list":["post-47086","post","type-post","status-publish","format-standard","has-post-thumbnail","hentry","category-interes-general-locales","category-locales"],"aioseo_notices":[],"gutentor_comment":0,"jetpack_featured_media_url":"https:\/\/eldiariodesanpedro.com.ar\/sitio\/wp-content\/uploads\/2016\/04\/Centro-de-Comercio-e-industria.jpg","jetpack_shortlink":"https:\/\/wp.me\/p6RhLt-cfs","jetpack_sharing_enabled":true,"_links":{"self":[{"href":"https:\/\/eldiariodesanpedro.com.ar\/sitio\/wp-json\/wp\/v2\/posts\/47086","targetHints":{"allow":["GET"]}}],"collection":[{"href":"https:\/\/eldiariodesanpedro.com.ar\/sitio\/wp-json\/wp\/v2\/posts"}],"about":[{"href":"https:\/\/eldiariodesanpedro.com.ar\/sitio\/wp-json\/wp\/v2\/types\/post"}],"author":[{"embeddable":true,"href":"https:\/\/eldiariodesanpedro.com.ar\/sitio\/wp-json\/wp\/v2\/users\/4"}],"replies":[{"embeddable":true,"href":"https:\/\/eldiariodesanpedro.com.ar\/sitio\/wp-json\/wp\/v2\/comments?post=47086"}],"version-history":[{"count":1,"href":"https:\/\/eldiariodesanpedro.com.ar\/sitio\/wp-json\/wp\/v2\/posts\/47086\/revisions"}],"predecessor-version":[{"id":47087,"href":"https:\/\/eldiariodesanpedro.com.ar\/sitio\/wp-json\/wp\/v2\/posts\/47086\/revisions\/47087"}],"wp:featuredmedia":[{"embeddable":true,"href":"https:\/\/eldiariodesanpedro.com.ar\/sitio\/wp-json\/wp\/v2\/media\/3126"}],"wp:attachment":[{"href":"https:\/\/eldiariodesanpedro.com.ar\/sitio\/wp-json\/wp\/v2\/media?parent=47086"}],"wp:term":[{"taxonomy":"category","embeddable":true,"href":"https:\/\/eldiariodesanpedro.com.ar\/sitio\/wp-json\/wp\/v2\/categories?post=47086"},{"taxonomy":"post_tag","embeddable":true,"href":"https:\/\/eldiariodesanpedro.com.ar\/sitio\/wp-json\/wp\/v2\/tags?post=47086"}],"curies":[{"name":"wp","href":"https:\/\/api.w.org\/{rel}","templated":true}]}}