{"id":47083,"date":"2019-02-05T18:41:20","date_gmt":"2019-02-05T21:41:20","guid":{"rendered":"https:\/\/eldiariodesanpedro.com.ar\/sitio\/?p=47083"},"modified":"2019-02-05T18:41:30","modified_gmt":"2019-02-05T21:41:30","slug":"capacitacion-en-nuevas-herramientas-de-trabajo-del-organismo-de-ninez-y-adolescencia","status":"publish","type":"post","link":"https:\/\/eldiariodesanpedro.com.ar\/sitio\/capacitacion-en-nuevas-herramientas-de-trabajo-del-organismo-de-ninez-y-adolescencia\/","title":{"rendered":"Capacitaci\u00f3n en nuevas herramientas de trabajo del Organismo de Ni\u00f1ez y Adolescencia"},"content":{"rendered":"<!-- VideographyWP Plugin Message: Automatic video embedding prevented by plugin options. -->\n\n<p>Profesionales y capacitadores del IPAP, Instituto Provincial de la Administraci\u00f3n P\u00fablica dependiente de la Subsecretar\u00eda de Capital Humano del Ministerio de Jefatura de Gabinete de Ministros de la Provincia de Buenos Aires, junto al Organismo Provincial de la ni\u00f1ez y adolescencia llegar\u00e1n a San Pedro este mi\u00e9rcoles\u00a0para brindar en el CIC de Hermano Indio y Casella, una charla sobre el Uso de las Tecnolog\u00edas de de la Informaci\u00f3n y la Comunicaci\u00f3n.\u00a0<\/p>\n\n\n\n<p>Participar\u00e1n de esta jornada desde las 9 y hasta las 13, agentes municipales pertenecientes al Sistema de Promoci\u00f3n y Protecci\u00f3n de Derechos, que recibir\u00e1n informaci\u00f3n sobre c\u00f3mo utilizar correctamente las nuevas herramientas disponibles dentro del sistema R.E.U.N.A. (Registro Estad\u00edstico Unificado de Ni\u00f1ez y Adolescencia) para la b\u00fasqueda y carga de legajos, intervenciones y actualizaci\u00f3n de datos de los ni\u00f1os y j\u00f3venes\u00a0incorporados. <\/p>\n\n\n\n<figure class=\"wp-block-image\"><img decoding=\"async\" width=\"904\" height=\"1280\" data-attachment-id=\"47084\" data-permalink=\"https:\/\/eldiariodesanpedro.com.ar\/sitio\/capacitacion-en-nuevas-herramientas-de-trabajo-del-organismo-de-ninez-y-adolescencia\/ipap\/\" data-orig-file=\"https:\/\/eldiariodesanpedro.com.ar\/sitio\/wp-content\/uploads\/2019\/02\/IPAP.jpg\" data-orig-size=\"904,1280\" data-comments-opened=\"1\" data-image-meta=\"{&quot;aperture&quot;:&quot;0&quot;,&quot;credit&quot;:&quot;&quot;,&quot;camera&quot;:&quot;&quot;,&quot;caption&quot;:&quot;&quot;,&quot;created_timestamp&quot;:&quot;0&quot;,&quot;copyright&quot;:&quot;&quot;,&quot;focal_length&quot;:&quot;0&quot;,&quot;iso&quot;:&quot;0&quot;,&quot;shutter_speed&quot;:&quot;0&quot;,&quot;title&quot;:&quot;&quot;,&quot;orientation&quot;:&quot;0&quot;}\" data-image-title=\"IPAP\" data-image-description=\"\" data-image-caption=\"\" data-large-file=\"https:\/\/eldiariodesanpedro.com.ar\/sitio\/wp-content\/uploads\/2019\/02\/IPAP-723x1024.jpg\" data-src=\"https:\/\/i2.wp.com\/eldiariodesanpedro.com.ar\/sitio\/wp-content\/uploads\/2019\/02\/IPAP.jpg?fit=660%2C935\" alt=\"\" class=\"wp-image-47084 lazyload\" data-srcset=\"https:\/\/eldiariodesanpedro.com.ar\/sitio\/wp-content\/uploads\/2019\/02\/IPAP.jpg 904w, https:\/\/eldiariodesanpedro.com.ar\/sitio\/wp-content\/uploads\/2019\/02\/IPAP-212x300.jpg 212w, https:\/\/eldiariodesanpedro.com.ar\/sitio\/wp-content\/uploads\/2019\/02\/IPAP-768x1087.jpg 768w, https:\/\/eldiariodesanpedro.com.ar\/sitio\/wp-content\/uploads\/2019\/02\/IPAP-723x1024.jpg 723w\" data-sizes=\"(max-width: 904px) 100vw, 904px\" src=\"data:image\/svg+xml;base64,PHN2ZyB3aWR0aD0iMSIgaGVpZ2h0PSIxIiB4bWxucz0iaHR0cDovL3d3dy53My5vcmcvMjAwMC9zdmciPjwvc3ZnPg==\" style=\"--smush-placeholder-width: 904px; --smush-placeholder-aspect-ratio: 904\/1280;\" \/><\/figure>\n","protected":false},"excerpt":{"rendered":"<p>Profesionales y capacitadores del IPAP, Instituto Provincial de la Administraci\u00f3n P\u00fablica dependiente de la Subsecretar\u00eda de Capital Humano del Ministerio de Jefatura de Gabinete de Ministros de la Provincia de Buenos Aires, junto al Organismo Provincial de la ni\u00f1ez y adolescencia llegar\u00e1n a San Pedro este mi\u00e9rcoles\u00a0para brindar en el CIC de Hermano Indio y [&hellip;]<\/p>\n","protected":false},"author":4,"featured_media":3855,"comment_status":"open","ping_status":"closed","sticky":false,"template":"","format":"standard","meta":{"om_disable_all_campaigns":false,"_jetpack_memberships_contains_paid_content":false,"footnotes":""},"categories":[101,2],"tags":[],"class_list":["post-47083","post","type-post","status-publish","format-standard","has-post-thumbnail","hentry","category-interes-general-locales","category-locales"],"aioseo_notices":[],"gutentor_comment":0,"jetpack_featured_media_url":"https:\/\/eldiariodesanpedro.com.ar\/sitio\/wp-content\/uploads\/2016\/05\/CIC-San-Pedro..jpg","jetpack_shortlink":"https:\/\/wp.me\/p6RhLt-cfp","jetpack_sharing_enabled":true,"_links":{"self":[{"href":"https:\/\/eldiariodesanpedro.com.ar\/sitio\/wp-json\/wp\/v2\/posts\/47083","targetHints":{"allow":["GET"]}}],"collection":[{"href":"https:\/\/eldiariodesanpedro.com.ar\/sitio\/wp-json\/wp\/v2\/posts"}],"about":[{"href":"https:\/\/eldiariodesanpedro.com.ar\/sitio\/wp-json\/wp\/v2\/types\/post"}],"author":[{"embeddable":true,"href":"https:\/\/eldiariodesanpedro.com.ar\/sitio\/wp-json\/wp\/v2\/users\/4"}],"replies":[{"embeddable":true,"href":"https:\/\/eldiariodesanpedro.com.ar\/sitio\/wp-json\/wp\/v2\/comments?post=47083"}],"version-history":[{"count":1,"href":"https:\/\/eldiariodesanpedro.com.ar\/sitio\/wp-json\/wp\/v2\/posts\/47083\/revisions"}],"predecessor-version":[{"id":47085,"href":"https:\/\/eldiariodesanpedro.com.ar\/sitio\/wp-json\/wp\/v2\/posts\/47083\/revisions\/47085"}],"wp:featuredmedia":[{"embeddable":true,"href":"https:\/\/eldiariodesanpedro.com.ar\/sitio\/wp-json\/wp\/v2\/media\/3855"}],"wp:attachment":[{"href":"https:\/\/eldiariodesanpedro.com.ar\/sitio\/wp-json\/wp\/v2\/media?parent=47083"}],"wp:term":[{"taxonomy":"category","embeddable":true,"href":"https:\/\/eldiariodesanpedro.com.ar\/sitio\/wp-json\/wp\/v2\/categories?post=47083"},{"taxonomy":"post_tag","embeddable":true,"href":"https:\/\/eldiariodesanpedro.com.ar\/sitio\/wp-json\/wp\/v2\/tags?post=47083"}],"curies":[{"name":"wp","href":"https:\/\/api.w.org\/{rel}","templated":true}]}}