{"id":47074,"date":"2019-02-05T18:35:11","date_gmt":"2019-02-05T21:35:11","guid":{"rendered":"https:\/\/eldiariodesanpedro.com.ar\/sitio\/?p=47074"},"modified":"2019-02-05T18:37:22","modified_gmt":"2019-02-05T21:37:22","slug":"comenzaron-los-talleres-en-el-complejo-turistico-municipal","status":"publish","type":"post","link":"https:\/\/eldiariodesanpedro.com.ar\/sitio\/comenzaron-los-talleres-en-el-complejo-turistico-municipal\/","title":{"rendered":"Comenzaron los Talleres en el Complejo Tur\u00edstico Municipal"},"content":{"rendered":"<!-- VideographyWP Plugin Message: Automatic video embedding prevented by plugin options. -->\n\n<p>Con el dictado de la primera clase de Reciclado Termo Fusi\u00f3n, Aprendizaje de Confecci\u00f3n de Mochilas y Bolsos, comenzaron esta ma\u00f1ana los Talleres Gratuitos para sampedrinos y turistas en un espacio del Complejo Tur\u00edstico Municipal.&nbsp;<\/p>\n\n\n\n<p>Estas actividades propuestas para generar inter\u00e9s y aportar conocimientos durante la temporada estival, se extender\u00e1n durante las pr\u00f3ximas semanas organizadas por la Direcci\u00f3n de Turismo.&nbsp;<\/p>\n\n\n\n<p>El taller que comenz\u00f3 hoy se ofrece adem\u00e1s los jueves de 9.30 a 10.30. Los martes y jueves de 19 a 21 se brindan clases de danzas folkl\u00f3ricas, miercoles y viernes de 18.30 a 20 Ritmo Comercial y mi\u00e9rcoles de 18 a 20 Taller de Artesan\u00edas, Mates, Bombillas y otros art\u00edculos.&nbsp;<\/p>\n\n\n\n<p>Para inscribirse se debe concurrir al Complejo de Avenida Espa\u00f1a 965 o llamar al 4-28-483. <\/p>\n\n\n\n<figure class=\"wp-block-image is-resized\"><img decoding=\"async\" data-attachment-id=\"47076\" data-permalink=\"https:\/\/eldiariodesanpedro.com.ar\/sitio\/comenzaron-los-talleres-en-el-complejo-turistico-municipal\/talleres-6\/\" data-orig-file=\"https:\/\/eldiariodesanpedro.com.ar\/sitio\/wp-content\/uploads\/2019\/02\/talleres-6.jpeg\" data-orig-size=\"538,660\" data-comments-opened=\"1\" data-image-meta=\"{&quot;aperture&quot;:&quot;0&quot;,&quot;credit&quot;:&quot;&quot;,&quot;camera&quot;:&quot;&quot;,&quot;caption&quot;:&quot;&quot;,&quot;created_timestamp&quot;:&quot;0&quot;,&quot;copyright&quot;:&quot;&quot;,&quot;focal_length&quot;:&quot;0&quot;,&quot;iso&quot;:&quot;0&quot;,&quot;shutter_speed&quot;:&quot;0&quot;,&quot;title&quot;:&quot;&quot;,&quot;orientation&quot;:&quot;0&quot;}\" data-image-title=\"talleres (6)\" data-image-description=\"\" data-image-caption=\"\" data-large-file=\"https:\/\/eldiariodesanpedro.com.ar\/sitio\/wp-content\/uploads\/2019\/02\/talleres-6.jpeg\" data-src=\"https:\/\/eldiariodesanpedro.com.ar\/sitio\/wp-content\/uploads\/2019\/02\/talleres-6.jpeg\" alt=\"\" class=\"wp-image-47076 lazyload\" width=\"563\" height=\"691\" data-srcset=\"https:\/\/eldiariodesanpedro.com.ar\/sitio\/wp-content\/uploads\/2019\/02\/talleres-6.jpeg 538w, https:\/\/eldiariodesanpedro.com.ar\/sitio\/wp-content\/uploads\/2019\/02\/talleres-6-245x300.jpeg 245w\" data-sizes=\"(max-width: 563px) 100vw, 563px\" src=\"data:image\/svg+xml;base64,PHN2ZyB3aWR0aD0iMSIgaGVpZ2h0PSIxIiB4bWxucz0iaHR0cDovL3d3dy53My5vcmcvMjAwMC9zdmciPjwvc3ZnPg==\" style=\"--smush-placeholder-width: 563px; --smush-placeholder-aspect-ratio: 563\/691;\" \/><\/figure>\n\n\n\n<figure class=\"wp-block-image\"><img decoding=\"async\" width=\"1280\" height=\"1262\" data-attachment-id=\"47080\" data-permalink=\"https:\/\/eldiariodesanpedro.com.ar\/sitio\/comenzaron-los-talleres-en-el-complejo-turistico-municipal\/talleres-1\/\" data-orig-file=\"https:\/\/eldiariodesanpedro.com.ar\/sitio\/wp-content\/uploads\/2019\/02\/talleres-1.jpeg\" data-orig-size=\"1280,1262\" data-comments-opened=\"1\" data-image-meta=\"{&quot;aperture&quot;:&quot;0&quot;,&quot;credit&quot;:&quot;&quot;,&quot;camera&quot;:&quot;&quot;,&quot;caption&quot;:&quot;&quot;,&quot;created_timestamp&quot;:&quot;0&quot;,&quot;copyright&quot;:&quot;&quot;,&quot;focal_length&quot;:&quot;0&quot;,&quot;iso&quot;:&quot;0&quot;,&quot;shutter_speed&quot;:&quot;0&quot;,&quot;title&quot;:&quot;&quot;,&quot;orientation&quot;:&quot;0&quot;}\" data-image-title=\"talleres (1)\" data-image-description=\"\" data-image-caption=\"\" data-large-file=\"https:\/\/eldiariodesanpedro.com.ar\/sitio\/wp-content\/uploads\/2019\/02\/talleres-1-1024x1010.jpeg\" data-src=\"https:\/\/i0.wp.com\/eldiariodesanpedro.com.ar\/sitio\/wp-content\/uploads\/2019\/02\/talleres-1.jpeg?fit=660%2C651\" alt=\"\" class=\"wp-image-47080 lazyload\" data-srcset=\"https:\/\/eldiariodesanpedro.com.ar\/sitio\/wp-content\/uploads\/2019\/02\/talleres-1.jpeg 1280w, https:\/\/eldiariodesanpedro.com.ar\/sitio\/wp-content\/uploads\/2019\/02\/talleres-1-300x296.jpeg 300w, https:\/\/eldiariodesanpedro.com.ar\/sitio\/wp-content\/uploads\/2019\/02\/talleres-1-768x757.jpeg 768w, https:\/\/eldiariodesanpedro.com.ar\/sitio\/wp-content\/uploads\/2019\/02\/talleres-1-1024x1010.jpeg 1024w\" data-sizes=\"(max-width: 1280px) 100vw, 1280px\" src=\"data:image\/svg+xml;base64,PHN2ZyB3aWR0aD0iMSIgaGVpZ2h0PSIxIiB4bWxucz0iaHR0cDovL3d3dy53My5vcmcvMjAwMC9zdmciPjwvc3ZnPg==\" style=\"--smush-placeholder-width: 1280px; --smush-placeholder-aspect-ratio: 1280\/1262;\" \/><\/figure>\n","protected":false},"excerpt":{"rendered":"<p>Con el dictado de la primera clase de Reciclado Termo Fusi\u00f3n, Aprendizaje de Confecci\u00f3n de Mochilas y Bolsos, comenzaron esta ma\u00f1ana los Talleres Gratuitos para sampedrinos y turistas en un espacio del Complejo Tur\u00edstico Municipal.&nbsp; Estas actividades propuestas para generar inter\u00e9s y aportar conocimientos durante la temporada estival, se extender\u00e1n durante las pr\u00f3ximas semanas organizadas [&hellip;]<\/p>\n","protected":false},"author":4,"featured_media":47075,"comment_status":"open","ping_status":"closed","sticky":false,"template":"","format":"standard","meta":{"om_disable_all_campaigns":false,"_jetpack_memberships_contains_paid_content":false,"footnotes":""},"categories":[101,2],"tags":[],"class_list":["post-47074","post","type-post","status-publish","format-standard","has-post-thumbnail","hentry","category-interes-general-locales","category-locales"],"aioseo_notices":[],"gutentor_comment":0,"jetpack_featured_media_url":"https:\/\/eldiariodesanpedro.com.ar\/sitio\/wp-content\/uploads\/2019\/02\/talleres-3.jpeg","jetpack_shortlink":"https:\/\/wp.me\/p6RhLt-cfg","jetpack_sharing_enabled":true,"_links":{"self":[{"href":"https:\/\/eldiariodesanpedro.com.ar\/sitio\/wp-json\/wp\/v2\/posts\/47074","targetHints":{"allow":["GET"]}}],"collection":[{"href":"https:\/\/eldiariodesanpedro.com.ar\/sitio\/wp-json\/wp\/v2\/posts"}],"about":[{"href":"https:\/\/eldiariodesanpedro.com.ar\/sitio\/wp-json\/wp\/v2\/types\/post"}],"author":[{"embeddable":true,"href":"https:\/\/eldiariodesanpedro.com.ar\/sitio\/wp-json\/wp\/v2\/users\/4"}],"replies":[{"embeddable":true,"href":"https:\/\/eldiariodesanpedro.com.ar\/sitio\/wp-json\/wp\/v2\/comments?post=47074"}],"version-history":[{"count":2,"href":"https:\/\/eldiariodesanpedro.com.ar\/sitio\/wp-json\/wp\/v2\/posts\/47074\/revisions"}],"predecessor-version":[{"id":47082,"href":"https:\/\/eldiariodesanpedro.com.ar\/sitio\/wp-json\/wp\/v2\/posts\/47074\/revisions\/47082"}],"wp:featuredmedia":[{"embeddable":true,"href":"https:\/\/eldiariodesanpedro.com.ar\/sitio\/wp-json\/wp\/v2\/media\/47075"}],"wp:attachment":[{"href":"https:\/\/eldiariodesanpedro.com.ar\/sitio\/wp-json\/wp\/v2\/media?parent=47074"}],"wp:term":[{"taxonomy":"category","embeddable":true,"href":"https:\/\/eldiariodesanpedro.com.ar\/sitio\/wp-json\/wp\/v2\/categories?post=47074"},{"taxonomy":"post_tag","embeddable":true,"href":"https:\/\/eldiariodesanpedro.com.ar\/sitio\/wp-json\/wp\/v2\/tags?post=47074"}],"curies":[{"name":"wp","href":"https:\/\/api.w.org\/{rel}","templated":true}]}}