{"id":4707,"date":"2016-05-24T20:45:04","date_gmt":"2016-05-24T23:45:04","guid":{"rendered":"https:\/\/eldiariodesanpedro.com.ar\/sitio\/?p=4707"},"modified":"2016-05-24T20:45:04","modified_gmt":"2016-05-24T23:45:04","slug":"un-hombre-fallecio-de-muerte-natural-en-el-paraje-colegiales","status":"publish","type":"post","link":"https:\/\/eldiariodesanpedro.com.ar\/sitio\/un-hombre-fallecio-de-muerte-natural-en-el-paraje-colegiales\/","title":{"rendered":"Un hombre falleci\u00f3 de muerte natural en el Paraje \u201cColegiales\u201d"},"content":{"rendered":"<p><!-- VideographyWP Plugin Message: Automatic video embedding prevented by plugin options. --><br \/>\nSe trata de un hombre de 77 a\u00f1os de edad. Su deceso ocurri\u00f3 en un establecimiento rural del Paraje \u201cColegiales\u201d. Seg\u00fan se pudo establecer se descompens\u00f3 en el ingreso a un campo y casi en forma inmediata muri\u00f3.<br \/>\nPersonal de Bomberos Voluntarios y tambi\u00e9n del Servicio de Emergencias 107 del Hospital arribaron al lugar, que se encuentra a unos 8 km. de la Ruta 9,  pero ya no hab\u00eda nada que se pudiera hacer para salvarle la vida.<br \/>\nLa informaciones primarias hablaban de un accidente de tr\u00e1nsito, despu\u00e9s se pudo constatar que no era as\u00ed. En tanto que Fiscal\u00eda N\u00ba 7, la que est\u00e1 subrogada por el Dr. Marcelo Manso, est\u00e1 a cargo de la investigaci\u00f3n, para establecer legalmente la situaci\u00f3n para descartar cualquier otro motivo.<\/p>\n","protected":false},"excerpt":{"rendered":"<p>Se trata de un hombre de 77 a\u00f1os de edad. Su deceso ocurri\u00f3 en un establecimiento rural del Paraje \u201cColegiales\u201d. Seg\u00fan se pudo establecer se descompens\u00f3 en el ingreso a un campo y casi en forma inmediata muri\u00f3. Personal de Bomberos Voluntarios y tambi\u00e9n del Servicio de Emergencias 107 del Hospital arribaron al lugar, que [&hellip;]<\/p>\n","protected":false},"author":4,"featured_media":4675,"comment_status":"open","ping_status":"closed","sticky":false,"template":"","format":"standard","meta":{"om_disable_all_campaigns":false,"_jetpack_memberships_contains_paid_content":false,"footnotes":""},"categories":[2],"tags":[],"class_list":["post-4707","post","type-post","status-publish","format-standard","has-post-thumbnail","hentry","category-locales"],"aioseo_notices":[],"gutentor_comment":0,"jetpack_featured_media_url":"https:\/\/eldiariodesanpedro.com.ar\/sitio\/wp-content\/uploads\/2016\/05\/guardia.jpg","jetpack_shortlink":"https:\/\/wp.me\/p6RhLt-1dV","jetpack_sharing_enabled":true,"_links":{"self":[{"href":"https:\/\/eldiariodesanpedro.com.ar\/sitio\/wp-json\/wp\/v2\/posts\/4707","targetHints":{"allow":["GET"]}}],"collection":[{"href":"https:\/\/eldiariodesanpedro.com.ar\/sitio\/wp-json\/wp\/v2\/posts"}],"about":[{"href":"https:\/\/eldiariodesanpedro.com.ar\/sitio\/wp-json\/wp\/v2\/types\/post"}],"author":[{"embeddable":true,"href":"https:\/\/eldiariodesanpedro.com.ar\/sitio\/wp-json\/wp\/v2\/users\/4"}],"replies":[{"embeddable":true,"href":"https:\/\/eldiariodesanpedro.com.ar\/sitio\/wp-json\/wp\/v2\/comments?post=4707"}],"version-history":[{"count":1,"href":"https:\/\/eldiariodesanpedro.com.ar\/sitio\/wp-json\/wp\/v2\/posts\/4707\/revisions"}],"predecessor-version":[{"id":4708,"href":"https:\/\/eldiariodesanpedro.com.ar\/sitio\/wp-json\/wp\/v2\/posts\/4707\/revisions\/4708"}],"wp:featuredmedia":[{"embeddable":true,"href":"https:\/\/eldiariodesanpedro.com.ar\/sitio\/wp-json\/wp\/v2\/media\/4675"}],"wp:attachment":[{"href":"https:\/\/eldiariodesanpedro.com.ar\/sitio\/wp-json\/wp\/v2\/media?parent=4707"}],"wp:term":[{"taxonomy":"category","embeddable":true,"href":"https:\/\/eldiariodesanpedro.com.ar\/sitio\/wp-json\/wp\/v2\/categories?post=4707"},{"taxonomy":"post_tag","embeddable":true,"href":"https:\/\/eldiariodesanpedro.com.ar\/sitio\/wp-json\/wp\/v2\/tags?post=4707"}],"curies":[{"name":"wp","href":"https:\/\/api.w.org\/{rel}","templated":true}]}}