{"id":47068,"date":"2019-02-05T11:38:12","date_gmt":"2019-02-05T14:38:12","guid":{"rendered":"https:\/\/eldiariodesanpedro.com.ar\/sitio\/?p=47068"},"modified":"2019-02-05T11:38:23","modified_gmt":"2019-02-05T14:38:23","slug":"charla-sobre-perspectivas-de-la-creciente-en-el-rio-parana","status":"publish","type":"post","link":"https:\/\/eldiariodesanpedro.com.ar\/sitio\/charla-sobre-perspectivas-de-la-creciente-en-el-rio-parana\/","title":{"rendered":"Charla sobre perspectivas de la creciente en el R\u00edo Paran\u00e1"},"content":{"rendered":"<!-- VideographyWP Plugin Message: Automatic video embedding prevented by plugin options. -->\n\n<p>Ante las condiciones de la cuenca del R\u00edo Paran\u00e1 y con el objetivo de compartir informaci\u00f3n de inter\u00e9s para todos los productores y pobladores de la zona costera, el pr\u00f3ximo 7 de febrero a las 17, tendr\u00e1 lugar una charla abierta a cargo del Ingeniero Juan Borus, especialista en este tema del Instituto Nacional del Agua (INA).<\/p>\n\n\n\n<p>La presentaci\u00f3n denominada \u00abPerspectivas Hidrometeorol\u00f3gicas del Delta\u00bb ser\u00e1 en la Casona de Turismo (Mitre y Liniers) y es organizada por la Municipalidad de San Pedro, la Sociedad Rural y la Agencia de Extensi\u00f3n Rural Delta del INTA. <\/p>\n\n\n\n<figure class=\"wp-block-image is-resized\"><img decoding=\"async\" data-attachment-id=\"47069\" data-permalink=\"https:\/\/eldiariodesanpedro.com.ar\/sitio\/charla-sobre-perspectivas-de-la-creciente-en-el-rio-parana\/pastedimage-78\/\" data-orig-file=\"https:\/\/eldiariodesanpedro.com.ar\/sitio\/wp-content\/uploads\/2019\/02\/pastedImage.png\" data-orig-size=\"480,672\" data-comments-opened=\"1\" data-image-meta=\"{&quot;aperture&quot;:&quot;0&quot;,&quot;credit&quot;:&quot;&quot;,&quot;camera&quot;:&quot;&quot;,&quot;caption&quot;:&quot;&quot;,&quot;created_timestamp&quot;:&quot;0&quot;,&quot;copyright&quot;:&quot;&quot;,&quot;focal_length&quot;:&quot;0&quot;,&quot;iso&quot;:&quot;0&quot;,&quot;shutter_speed&quot;:&quot;0&quot;,&quot;title&quot;:&quot;&quot;,&quot;orientation&quot;:&quot;0&quot;}\" data-image-title=\"pastedImage\" data-image-description=\"\" data-image-caption=\"\" data-large-file=\"https:\/\/eldiariodesanpedro.com.ar\/sitio\/wp-content\/uploads\/2019\/02\/pastedImage.png\" data-src=\"https:\/\/eldiariodesanpedro.com.ar\/sitio\/wp-content\/uploads\/2019\/02\/pastedImage.png\" alt=\"\" class=\"wp-image-47069 lazyload\" width=\"571\" height=\"800\" data-srcset=\"https:\/\/eldiariodesanpedro.com.ar\/sitio\/wp-content\/uploads\/2019\/02\/pastedImage.png 480w, https:\/\/eldiariodesanpedro.com.ar\/sitio\/wp-content\/uploads\/2019\/02\/pastedImage-214x300.png 214w\" data-sizes=\"(max-width: 571px) 100vw, 571px\" src=\"data:image\/svg+xml;base64,PHN2ZyB3aWR0aD0iMSIgaGVpZ2h0PSIxIiB4bWxucz0iaHR0cDovL3d3dy53My5vcmcvMjAwMC9zdmciPjwvc3ZnPg==\" style=\"--smush-placeholder-width: 571px; --smush-placeholder-aspect-ratio: 571\/800;\" \/><\/figure>\n","protected":false},"excerpt":{"rendered":"<p>Ante las condiciones de la cuenca del R\u00edo Paran\u00e1 y con el objetivo de compartir informaci\u00f3n de inter\u00e9s para todos los productores y pobladores de la zona costera, el pr\u00f3ximo 7 de febrero a las 17, tendr\u00e1 lugar una charla abierta a cargo del Ingeniero Juan Borus, especialista en este tema del Instituto Nacional del [&hellip;]<\/p>\n","protected":false},"author":4,"featured_media":47070,"comment_status":"open","ping_status":"closed","sticky":false,"template":"","format":"standard","meta":{"om_disable_all_campaigns":false,"_jetpack_memberships_contains_paid_content":false,"footnotes":""},"categories":[101,2],"tags":[],"class_list":["post-47068","post","type-post","status-publish","format-standard","has-post-thumbnail","hentry","category-interes-general-locales","category-locales"],"aioseo_notices":[],"gutentor_comment":0,"jetpack_featured_media_url":"https:\/\/eldiariodesanpedro.com.ar\/sitio\/wp-content\/uploads\/2019\/02\/51272974_1215063738644640_5985261588125319168_o.jpg","jetpack_shortlink":"https:\/\/wp.me\/p6RhLt-cfa","jetpack_sharing_enabled":true,"_links":{"self":[{"href":"https:\/\/eldiariodesanpedro.com.ar\/sitio\/wp-json\/wp\/v2\/posts\/47068","targetHints":{"allow":["GET"]}}],"collection":[{"href":"https:\/\/eldiariodesanpedro.com.ar\/sitio\/wp-json\/wp\/v2\/posts"}],"about":[{"href":"https:\/\/eldiariodesanpedro.com.ar\/sitio\/wp-json\/wp\/v2\/types\/post"}],"author":[{"embeddable":true,"href":"https:\/\/eldiariodesanpedro.com.ar\/sitio\/wp-json\/wp\/v2\/users\/4"}],"replies":[{"embeddable":true,"href":"https:\/\/eldiariodesanpedro.com.ar\/sitio\/wp-json\/wp\/v2\/comments?post=47068"}],"version-history":[{"count":1,"href":"https:\/\/eldiariodesanpedro.com.ar\/sitio\/wp-json\/wp\/v2\/posts\/47068\/revisions"}],"predecessor-version":[{"id":47071,"href":"https:\/\/eldiariodesanpedro.com.ar\/sitio\/wp-json\/wp\/v2\/posts\/47068\/revisions\/47071"}],"wp:featuredmedia":[{"embeddable":true,"href":"https:\/\/eldiariodesanpedro.com.ar\/sitio\/wp-json\/wp\/v2\/media\/47070"}],"wp:attachment":[{"href":"https:\/\/eldiariodesanpedro.com.ar\/sitio\/wp-json\/wp\/v2\/media?parent=47068"}],"wp:term":[{"taxonomy":"category","embeddable":true,"href":"https:\/\/eldiariodesanpedro.com.ar\/sitio\/wp-json\/wp\/v2\/categories?post=47068"},{"taxonomy":"post_tag","embeddable":true,"href":"https:\/\/eldiariodesanpedro.com.ar\/sitio\/wp-json\/wp\/v2\/tags?post=47068"}],"curies":[{"name":"wp","href":"https:\/\/api.w.org\/{rel}","templated":true}]}}