{"id":47063,"date":"2019-02-05T11:26:28","date_gmt":"2019-02-05T14:26:28","guid":{"rendered":"https:\/\/eldiariodesanpedro.com.ar\/sitio\/?p=47063"},"modified":"2019-02-05T11:26:38","modified_gmt":"2019-02-05T14:26:38","slug":"segunda-corrida-del-durazno","status":"publish","type":"post","link":"https:\/\/eldiariodesanpedro.com.ar\/sitio\/segunda-corrida-del-durazno\/","title":{"rendered":"Segunda Corrida del Durazno"},"content":{"rendered":"<!-- VideographyWP Plugin Message: Automatic video embedding prevented by plugin options. -->\n\n<p>Se disput\u00f3, en la jornada del s\u00e1bado, una nueva edici\u00f3n de la \u201cCorrida del Durazno\u201d en concordancia con la Fiesta Provincial del Durazno.<\/p>\n\n\n\n<p>Esta segunda edici\u00f3n, tuvo el mismo recorrido que la anterior, con largada y llegada frente al Pic\u00f3dromo Osvaldo \u201cPato\u201d Morresi de la localidad de Gobernador Castro. Los 10 kil\u00f3metros se desarrollaron por la colectora de Ruta 9 y el ingreso a Castro.<\/p>\n\n\n\n<p>La actividad organizada por Sport San Pedro y fiscalizada por la Agrupaci\u00f3n Atl\u00e9tica \u201cUnion del Barrio Mart\u00edn Miguel de G\u00fcemes\u201d de la ciudad de San Nicol\u00e1s, fue ganada por el sampedrino Rodrigo Salazar, con un tiempo de 33\u2032 12\u2033, mientras que en la general damas, la victoria fue para la oriunda de San Nicol\u00e1s, Veronica Jimenez, que concluyo el recorrido en 46\u2032 36\u2033.<\/p>\n\n\n\n<p>El atleta baraderense Braian Campodonico se ubic\u00f3 3ro. en su categor\u00eda y 5to. en la general.<\/p>\n\n\n\n<p>Clasificaci\u00f3n 10K<\/p>\n\n\n\n<p>Damas Mayores<\/p>\n\n\n\n<p>1\u00b0\u00a0 \u2013 Natalia Aguilar \u2013\u00a0Villa General Savio<\/p>\n\n\n\n<p>2\u00b0&nbsp;\u2013 Lujan Almada \u2013&nbsp;San Nicolas<\/p>\n\n\n\n<p>3\u00b0 \u2013 Macarena Dentone \u2013&nbsp; El Paraiso<\/p>\n\n\n\n<p>4\u00b0 \u2013&nbsp;&nbsp;Analia Reynoso \u2013 Ramallo<\/p>\n\n\n\n<p>Damas Preveteranas<\/p>\n\n\n\n<p>1\u00b0 \u2013 Veronica Gim\u00e9nez \u2013 San Nicol\u00e1s<\/p>\n\n\n\n<p>2\u00b0 \u2013 Soledad Molina \u2013 San Pedro<\/p>\n\n\n\n<p>3\u00b0 \u2013 Silvia Olano \u2013 Tigre<\/p>\n\n\n\n<p>Damas Veteranas \u201cA\u201d<\/p>\n\n\n\n<p>1\u00b0&nbsp;Andrea Olano \u2013 Tigre<\/p>\n\n\n\n<p>Damas Veteranas \u201cB\u201d<\/p>\n\n\n\n<p>1\u00b0 Raquel Aquino \u2013 Pilar<\/p>\n\n\n\n<p>2\u00b0 Karina Rissone \u2013&nbsp;Villa Gral. Savio<\/p>\n\n\n\n<p>Damas Veteranas&nbsp;\u201cD\u201d<\/p>\n\n\n\n<p>1\u00b0 Alicia L\u00f3pez \u2013 Rosario<\/p>\n\n\n\n<p>Damas Integracion 5K<\/p>\n\n\n\n<p>1\u00b0&nbsp;Patricia Escobar \u2013 San Antonio de Areco<\/p>\n\n\n\n<p>Caballeros 10K<br>Juveniles \u201cA\u201d<\/p>\n\n\n\n<p>1\u00b0&nbsp;Aithue Ponce \u2013 Z\u00e1rate<\/p>\n\n\n\n<p>2\u00b0 Franco Toledo \u2013 San Antonio de Areco<\/p>\n\n\n\n<p>3\u00b0 Julian Carmona \u2013 Gral. Rojo<\/p>\n\n\n\n<p>Caballeros Mayores \u201cA\u201d<\/p>\n\n\n\n<p>1\u00b0&nbsp;Rodrigo Salazar \u2013 San Pedro<\/p>\n\n\n\n<p>2\u00b0&nbsp;Segundo Ver\u00f3n \u2013 San Pedro<\/p>\n\n\n\n<p>3\u00b0\u00a0Braian Campod\u00f3nico \u2013 Baradero<\/p>\n\n\n\n<p>Caballeros Mayores \u201cB\u201d<\/p>\n\n\n\n<p>1\u00b0 Facundo Ortiz \u2013 San Antonio de Areco<\/p>\n\n\n\n<p>2\u00b0 Martin P\u00e9rez \u2013 Baradero<\/p>\n\n\n\n<p>Caballeros Preveteranos<\/p>\n\n\n\n<p>1\u00b0 Maximilino Puntieri \u2013 San Nicol\u00e1s<\/p>\n\n\n\n<p>Caballeros Veteranos \u201cA\u201d<\/p>\n\n\n\n<p>1\u00b0 Andres Corres<\/p>\n\n\n\n<p>2\u00b0 Hugo Zaccari \u2013 Rosario<\/p>\n\n\n\n<p>3\u00b0 Gabriel Santos \u2013 Capilla del Se\u00f1or<\/p>\n\n\n\n<p>4\u00b0 Alfredo Nazaret \u2013 Santa Luc\u00eda<\/p>\n\n\n\n<p>Caballeros Veteranos \u201cB\u201d<\/p>\n\n\n\n<p>1\u00b0 Luis Perroud \u2013 San Antonio de Areco<\/p>\n\n\n\n<p>2\u00b0&nbsp;Jorge Leyva \u2013 San Pedro<\/p>\n\n\n\n<p>3\u00b0 Arturo Dentone \u2013 Ramallo<\/p>\n\n\n\n<p>Caballeros Veteranos \u201cC\u201d<\/p>\n\n\n\n<p>1\u00b0 Carlos Rodas \u2013 Villa Constituci\u00f3n<\/p>\n\n\n\n<p>2\u00b0 H\u00e9ctor P\u00e9rez \u2013 Pilar<\/p>\n\n\n\n<p>Caballeros Veteranos \u201cD\u201d<\/p>\n\n\n\n<p>1\u00b0 Sergio Rodr\u00edguez \u2013 Rosario<\/p>\n\n\n\n<p>2\u00b0 Juan Torres \u2013 Baradero<\/p>\n\n\n\n<p>3\u00b0 C\u00e9sar Iba\u00f1ez \u2013 San Nicol\u00e1s<\/p>\n\n\n\n<p>Caballeros Veteranos&nbsp;\u201cE\u201d<\/p>\n\n\n\n<p>1\u00b0 Jorge San Miguel \u2013 Rosario<\/p>\n\n\n\n<p>2\u00b0 Ra\u00fal Vitalli \u2013 Villa Constituci\u00f3n<\/p>\n\n\n\n<p>Caballeros Veteranos \u201cF\u201d<\/p>\n\n\n\n<p>1\u00b0 Jorge Cartuogno&nbsp;\u2013 ItuzainIt<\/p>\n\n\n\n<p>2\u00b0 Hugo Bosso \u2013 Villa Gobernador G\u00e1lvez<\/p>\n\n\n\n<p>Caballeros Integraci\u00f3n 5K<\/p>\n\n\n\n<p>1\u00b0 Pedro Ortiz \u2013 San Antonio de Areco<\/p>\n\n\n\n<figure class=\"wp-block-image\"><img decoding=\"async\" width=\"720\" height=\"960\" data-attachment-id=\"47064\" data-permalink=\"https:\/\/eldiariodesanpedro.com.ar\/sitio\/segunda-corrida-del-durazno\/51246653_10215065852212864_3809225298189221888_n-copia\/\" data-orig-file=\"https:\/\/eldiariodesanpedro.com.ar\/sitio\/wp-content\/uploads\/2019\/02\/51246653_10215065852212864_3809225298189221888_n-copia.jpg\" data-orig-size=\"720,960\" data-comments-opened=\"1\" data-image-meta=\"{&quot;aperture&quot;:&quot;0&quot;,&quot;credit&quot;:&quot;&quot;,&quot;camera&quot;:&quot;&quot;,&quot;caption&quot;:&quot;&quot;,&quot;created_timestamp&quot;:&quot;0&quot;,&quot;copyright&quot;:&quot;&quot;,&quot;focal_length&quot;:&quot;0&quot;,&quot;iso&quot;:&quot;0&quot;,&quot;shutter_speed&quot;:&quot;0&quot;,&quot;title&quot;:&quot;&quot;,&quot;orientation&quot;:&quot;0&quot;}\" data-image-title=\"51246653_10215065852212864_3809225298189221888_n &amp;#8211; copia\" data-image-description=\"\" data-image-caption=\"\" data-large-file=\"https:\/\/eldiariodesanpedro.com.ar\/sitio\/wp-content\/uploads\/2019\/02\/51246653_10215065852212864_3809225298189221888_n-copia.jpg\" data-src=\"https:\/\/eldiariodesanpedro.com.ar\/sitio\/wp-content\/uploads\/2019\/02\/51246653_10215065852212864_3809225298189221888_n-copia.jpg\" alt=\"\" class=\"wp-image-47064 lazyload\" data-srcset=\"https:\/\/eldiariodesanpedro.com.ar\/sitio\/wp-content\/uploads\/2019\/02\/51246653_10215065852212864_3809225298189221888_n-copia.jpg 720w, https:\/\/eldiariodesanpedro.com.ar\/sitio\/wp-content\/uploads\/2019\/02\/51246653_10215065852212864_3809225298189221888_n-copia-225x300.jpg 225w\" data-sizes=\"(max-width: 720px) 100vw, 720px\" src=\"data:image\/svg+xml;base64,PHN2ZyB3aWR0aD0iMSIgaGVpZ2h0PSIxIiB4bWxucz0iaHR0cDovL3d3dy53My5vcmcvMjAwMC9zdmciPjwvc3ZnPg==\" style=\"--smush-placeholder-width: 720px; --smush-placeholder-aspect-ratio: 720\/960;\" \/><\/figure>\n","protected":false},"excerpt":{"rendered":"<p>Se disput\u00f3, en la jornada del s\u00e1bado, una nueva edici\u00f3n de la \u201cCorrida del Durazno\u201d en concordancia con la Fiesta Provincial del Durazno. Esta segunda edici\u00f3n, tuvo el mismo recorrido que la anterior, con largada y llegada frente al Pic\u00f3dromo Osvaldo \u201cPato\u201d Morresi de la localidad de Gobernador Castro. Los 10 kil\u00f3metros se desarrollaron por [&hellip;]<\/p>\n","protected":false},"author":4,"featured_media":47066,"comment_status":"open","ping_status":"closed","sticky":false,"template":"","format":"standard","meta":{"om_disable_all_campaigns":false,"_jetpack_memberships_contains_paid_content":false,"footnotes":""},"categories":[101,2],"tags":[],"class_list":["post-47063","post","type-post","status-publish","format-standard","has-post-thumbnail","hentry","category-interes-general-locales","category-locales"],"aioseo_notices":[],"gutentor_comment":0,"jetpack_featured_media_url":"https:\/\/eldiariodesanpedro.com.ar\/sitio\/wp-content\/uploads\/2019\/02\/51246653_10215065852212864_3809225298189221888_n-1.jpg","jetpack_shortlink":"https:\/\/wp.me\/p6RhLt-cf5","jetpack_sharing_enabled":true,"_links":{"self":[{"href":"https:\/\/eldiariodesanpedro.com.ar\/sitio\/wp-json\/wp\/v2\/posts\/47063","targetHints":{"allow":["GET"]}}],"collection":[{"href":"https:\/\/eldiariodesanpedro.com.ar\/sitio\/wp-json\/wp\/v2\/posts"}],"about":[{"href":"https:\/\/eldiariodesanpedro.com.ar\/sitio\/wp-json\/wp\/v2\/types\/post"}],"author":[{"embeddable":true,"href":"https:\/\/eldiariodesanpedro.com.ar\/sitio\/wp-json\/wp\/v2\/users\/4"}],"replies":[{"embeddable":true,"href":"https:\/\/eldiariodesanpedro.com.ar\/sitio\/wp-json\/wp\/v2\/comments?post=47063"}],"version-history":[{"count":1,"href":"https:\/\/eldiariodesanpedro.com.ar\/sitio\/wp-json\/wp\/v2\/posts\/47063\/revisions"}],"predecessor-version":[{"id":47067,"href":"https:\/\/eldiariodesanpedro.com.ar\/sitio\/wp-json\/wp\/v2\/posts\/47063\/revisions\/47067"}],"wp:featuredmedia":[{"embeddable":true,"href":"https:\/\/eldiariodesanpedro.com.ar\/sitio\/wp-json\/wp\/v2\/media\/47066"}],"wp:attachment":[{"href":"https:\/\/eldiariodesanpedro.com.ar\/sitio\/wp-json\/wp\/v2\/media?parent=47063"}],"wp:term":[{"taxonomy":"category","embeddable":true,"href":"https:\/\/eldiariodesanpedro.com.ar\/sitio\/wp-json\/wp\/v2\/categories?post=47063"},{"taxonomy":"post_tag","embeddable":true,"href":"https:\/\/eldiariodesanpedro.com.ar\/sitio\/wp-json\/wp\/v2\/tags?post=47063"}],"curies":[{"name":"wp","href":"https:\/\/api.w.org\/{rel}","templated":true}]}}