{"id":47059,"date":"2019-02-05T09:22:44","date_gmt":"2019-02-05T12:22:44","guid":{"rendered":"https:\/\/eldiariodesanpedro.com.ar\/sitio\/?p=47059"},"modified":"2019-02-05T09:22:53","modified_gmt":"2019-02-05T12:22:53","slug":"campana-voraz-incendio-en-un-deposito-en-ruta-6","status":"publish","type":"post","link":"https:\/\/eldiariodesanpedro.com.ar\/sitio\/campana-voraz-incendio-en-un-deposito-en-ruta-6\/","title":{"rendered":"CAMPANA: Voraz incendio en un dep\u00f3sito en Ruta 6"},"content":{"rendered":"<!-- VideographyWP Plugin Message: Automatic video embedding prevented by plugin options. -->\n\n<p>El fuego se desat\u00f3 cerca de las 23.00 hs en un predio ubicado entre la avenida Bellomo y&nbsp; Ruta 6 de Campana cerca de la rotonda de Las Acacias.<\/p>\n\n\n\n<p>Dos dotaciones de bomberos de la Central N\u00b037 de la ciudad se hizo presente en el lugar, la N\u00b031 y N\u00b041 ocuparon el predio con mangueras devanaderas.<\/p>\n\n\n\n<p>El Comando de Patrulla lleg\u00f3 al lugar y de inmediato constat\u00f3 el fuego y se convoc\u00f3 a los bomberos que a\u00fan trabajan en el terreno.<\/p>\n\n\n\n<figure class=\"wp-block-image\"><img decoding=\"async\" data-src=\"http:\/\/www.enlacecritico.com\/wp-content\/uploads\/2019\/02\/DSC_5199_658x400.jpg\" alt=\"\" class=\"wp-image-271380 lazyload\" src=\"data:image\/svg+xml;base64,PHN2ZyB3aWR0aD0iMSIgaGVpZ2h0PSIxIiB4bWxucz0iaHR0cDovL3d3dy53My5vcmcvMjAwMC9zdmciPjwvc3ZnPg==\" \/><\/figure>\n\n\n\n<p>El predio forma parte de un dep\u00f3sito de cart\u00f3n y otros elementos reciclables. Algunos autos viejos y otros objetos explotaron mientras el personal del cuartel combate las llamas, poni\u00e9ndose en peligro la integridad del cuerpo activo.<\/p>\n\n\n\n<figure class=\"wp-block-image\"><img decoding=\"async\" data-src=\"http:\/\/www.enlacecritico.com\/wp-content\/uploads\/2019\/02\/DSC_5159_658x400.jpg\" alt=\"\" class=\"wp-image-271381 lazyload\" src=\"data:image\/svg+xml;base64,PHN2ZyB3aWR0aD0iMSIgaGVpZ2h0PSIxIiB4bWxucz0iaHR0cDovL3d3dy53My5vcmcvMjAwMC9zdmciPjwvc3ZnPg==\" \/><\/figure>\n\n\n\n<p>FUENTE:\u00a0Campana Argentina<\/p>\n","protected":false},"excerpt":{"rendered":"<p>El fuego se desat\u00f3 cerca de las 23.00 hs en un predio ubicado entre la avenida Bellomo y&nbsp; Ruta 6 de Campana cerca de la rotonda de Las Acacias. Dos dotaciones de bomberos de la Central N\u00b037 de la ciudad se hizo presente en el lugar, la N\u00b031 y N\u00b041 ocuparon el predio con mangueras [&hellip;]<\/p>\n","protected":false},"author":4,"featured_media":47060,"comment_status":"open","ping_status":"closed","sticky":false,"template":"","format":"standard","meta":{"om_disable_all_campaigns":false,"_jetpack_memberships_contains_paid_content":false,"footnotes":""},"categories":[621],"tags":[],"class_list":["post-47059","post","type-post","status-publish","format-standard","has-post-thumbnail","hentry","category-regionales"],"aioseo_notices":[],"gutentor_comment":0,"jetpack_featured_media_url":"https:\/\/eldiariodesanpedro.com.ar\/sitio\/wp-content\/uploads\/2019\/02\/DSC_5190_658x400.jpg","jetpack_shortlink":"https:\/\/wp.me\/p6RhLt-cf1","jetpack_sharing_enabled":true,"_links":{"self":[{"href":"https:\/\/eldiariodesanpedro.com.ar\/sitio\/wp-json\/wp\/v2\/posts\/47059","targetHints":{"allow":["GET"]}}],"collection":[{"href":"https:\/\/eldiariodesanpedro.com.ar\/sitio\/wp-json\/wp\/v2\/posts"}],"about":[{"href":"https:\/\/eldiariodesanpedro.com.ar\/sitio\/wp-json\/wp\/v2\/types\/post"}],"author":[{"embeddable":true,"href":"https:\/\/eldiariodesanpedro.com.ar\/sitio\/wp-json\/wp\/v2\/users\/4"}],"replies":[{"embeddable":true,"href":"https:\/\/eldiariodesanpedro.com.ar\/sitio\/wp-json\/wp\/v2\/comments?post=47059"}],"version-history":[{"count":1,"href":"https:\/\/eldiariodesanpedro.com.ar\/sitio\/wp-json\/wp\/v2\/posts\/47059\/revisions"}],"predecessor-version":[{"id":47061,"href":"https:\/\/eldiariodesanpedro.com.ar\/sitio\/wp-json\/wp\/v2\/posts\/47059\/revisions\/47061"}],"wp:featuredmedia":[{"embeddable":true,"href":"https:\/\/eldiariodesanpedro.com.ar\/sitio\/wp-json\/wp\/v2\/media\/47060"}],"wp:attachment":[{"href":"https:\/\/eldiariodesanpedro.com.ar\/sitio\/wp-json\/wp\/v2\/media?parent=47059"}],"wp:term":[{"taxonomy":"category","embeddable":true,"href":"https:\/\/eldiariodesanpedro.com.ar\/sitio\/wp-json\/wp\/v2\/categories?post=47059"},{"taxonomy":"post_tag","embeddable":true,"href":"https:\/\/eldiariodesanpedro.com.ar\/sitio\/wp-json\/wp\/v2\/tags?post=47059"}],"curies":[{"name":"wp","href":"https:\/\/api.w.org\/{rel}","templated":true}]}}