{"id":47053,"date":"2019-02-05T09:19:33","date_gmt":"2019-02-05T12:19:33","guid":{"rendered":"https:\/\/eldiariodesanpedro.com.ar\/sitio\/?p=47053"},"modified":"2019-02-05T09:20:12","modified_gmt":"2019-02-05T12:20:12","slug":"san-nicolas-el-folclore-copo-el-parque-san-martin","status":"publish","type":"post","link":"https:\/\/eldiariodesanpedro.com.ar\/sitio\/san-nicolas-el-folclore-copo-el-parque-san-martin\/","title":{"rendered":"SAN NICOL\u00c1S: El folclore cop\u00f3 el parque San Mart\u00edn"},"content":{"rendered":"<!-- VideographyWP Plugin Message: Automatic video embedding prevented by plugin options. -->\n\n<p>Ayer, en el cierre del segundo fin de semana del ciclo \u00abCultura de Estaci\u00f3n\u00bb, el Parque San Mart\u00edn se convirti\u00f3 en epicentro del inter\u00e9s recreativo de cientos de nicole\u00f1os que se sumaron a la propuesta de pin-nic nocturno y las presentaciones de artistas entre las que se destac\u00f3 el show de El Canoero y ballets folcl\u00f3ricos de nuestra ciudad, en el anfiteatro. Tambi\u00e9n hubo patio gastron\u00f3mico y feria de manualistas.El buen clima acompa\u00f1\u00f3 a un p\u00fablico que se acerc\u00f3 hasta el predio lindero al Paran\u00e1 para disfrutar en familia de una propuesta que se extender\u00e1 hasta el mes de marzo.Cultura de Estaci\u00f3n es un programa de actividades de verano, organizado por la Municipalidad de San Nicol\u00e1s, que recorre diferentes lugares de la ciudad con espect\u00e1culos y propuestas culturales, todas gratuitas.<\/p>\n\n\n\n<p><br>En otras fechas, nuestro Anfiteatro tambi\u00e9n tendr\u00e1 la presencia del rock (\u201cCasi Libres\u201d, \u201cLos Coquis\u201d y \u201cLargo Viaje\u201d), como as\u00ed tambi\u00e9n espect\u00e1culos para los m\u00e1s chicos, en una variet\u00e9 familiar con circo, clown y entretenimientos. Espect\u00e1culos de salsa con \u201cMariano \u00c1vila y la Contraclave\u201d llegar\u00e1n desde la ciudad de Rosario para deleitarnos con su m\u00fasica, junto a la danza de \u201cBien Ch\u00e9vere\u201d.<\/p>\n\n\n\n<p><strong>Menphis y Karina<\/strong><\/p>\n\n\n\n<p>La mayor parte de los eventos tienen como protagonistas a los artistas locales, aunque tambi\u00e9n le har\u00e1 lugar a artistas consagrados a nivel nacional como internacional, como Menphis la Blusera y Karina, la Princesita.El show de Memphis La Blusera tendr\u00e1 lugar el 1 de marzo mientras que Karina se presentar\u00e1 el 4 de marzo, en lo que ser\u00e1 el cierre de la edici\u00f3n 2019 del ciclo Cultura de Estaci\u00f3n.<\/p>\n\n\n\n<p>Fuente: <a href=\"https:\/\/www.diarioelnorte.com.ar\/index\">Diario El Norte<\/a><\/p>\n\n\n\n<p><\/p>\n","protected":false},"excerpt":{"rendered":"<p>Ayer, en el cierre del segundo fin de semana del ciclo \u00abCultura de Estaci\u00f3n\u00bb, el Parque San Mart\u00edn se convirti\u00f3 en epicentro del inter\u00e9s recreativo de cientos de nicole\u00f1os que se sumaron a la propuesta de pin-nic nocturno y las presentaciones de artistas entre las que se destac\u00f3 el show de El Canoero y ballets [&hellip;]<\/p>\n","protected":false},"author":4,"featured_media":47055,"comment_status":"open","ping_status":"closed","sticky":false,"template":"","format":"standard","meta":{"om_disable_all_campaigns":false,"_jetpack_memberships_contains_paid_content":false,"footnotes":""},"categories":[621],"tags":[],"class_list":["post-47053","post","type-post","status-publish","format-standard","has-post-thumbnail","hentry","category-regionales"],"aioseo_notices":[],"gutentor_comment":0,"jetpack_featured_media_url":"https:\/\/eldiariodesanpedro.com.ar\/sitio\/wp-content\/uploads\/2019\/02\/0-1-1.jpg","jetpack_shortlink":"https:\/\/wp.me\/p6RhLt-ceV","jetpack_sharing_enabled":true,"_links":{"self":[{"href":"https:\/\/eldiariodesanpedro.com.ar\/sitio\/wp-json\/wp\/v2\/posts\/47053","targetHints":{"allow":["GET"]}}],"collection":[{"href":"https:\/\/eldiariodesanpedro.com.ar\/sitio\/wp-json\/wp\/v2\/posts"}],"about":[{"href":"https:\/\/eldiariodesanpedro.com.ar\/sitio\/wp-json\/wp\/v2\/types\/post"}],"author":[{"embeddable":true,"href":"https:\/\/eldiariodesanpedro.com.ar\/sitio\/wp-json\/wp\/v2\/users\/4"}],"replies":[{"embeddable":true,"href":"https:\/\/eldiariodesanpedro.com.ar\/sitio\/wp-json\/wp\/v2\/comments?post=47053"}],"version-history":[{"count":2,"href":"https:\/\/eldiariodesanpedro.com.ar\/sitio\/wp-json\/wp\/v2\/posts\/47053\/revisions"}],"predecessor-version":[{"id":47058,"href":"https:\/\/eldiariodesanpedro.com.ar\/sitio\/wp-json\/wp\/v2\/posts\/47053\/revisions\/47058"}],"wp:featuredmedia":[{"embeddable":true,"href":"https:\/\/eldiariodesanpedro.com.ar\/sitio\/wp-json\/wp\/v2\/media\/47055"}],"wp:attachment":[{"href":"https:\/\/eldiariodesanpedro.com.ar\/sitio\/wp-json\/wp\/v2\/media?parent=47053"}],"wp:term":[{"taxonomy":"category","embeddable":true,"href":"https:\/\/eldiariodesanpedro.com.ar\/sitio\/wp-json\/wp\/v2\/categories?post=47053"},{"taxonomy":"post_tag","embeddable":true,"href":"https:\/\/eldiariodesanpedro.com.ar\/sitio\/wp-json\/wp\/v2\/tags?post=47053"}],"curies":[{"name":"wp","href":"https:\/\/api.w.org\/{rel}","templated":true}]}}