{"id":47050,"date":"2019-02-05T09:17:32","date_gmt":"2019-02-05T12:17:32","guid":{"rendered":"https:\/\/eldiariodesanpedro.com.ar\/sitio\/?p=47050"},"modified":"2019-02-05T09:17:43","modified_gmt":"2019-02-05T12:17:43","slug":"san-nicolas-licitan-la-compra-de-otras-500-led-para-renovacion-del-alumbrado","status":"publish","type":"post","link":"https:\/\/eldiariodesanpedro.com.ar\/sitio\/san-nicolas-licitan-la-compra-de-otras-500-led-para-renovacion-del-alumbrado\/","title":{"rendered":"SAN NICOL\u00c1S: Licitan la compra de otras 500 Led para renovaci\u00f3n del alumbrado"},"content":{"rendered":"<!-- VideographyWP Plugin Message: Automatic video embedding prevented by plugin options. -->\n\n<p>Con las firmas del intendente Manuel Passaglia y de la secretario de Econom\u00eda y Finanzas, Bernarda Balestra, la Municipalidad de San Nicol\u00e1s abre este fin de semana un nuevo proceso de licitaci\u00f3n p\u00fablica, el cuarto del a\u00f1o. Se trata, en este caso, de la selecci\u00f3n del proveedor de unas 500 l\u00e1mparas de tecnolog\u00eda led de 160W de potencia.De acuerdo con el llamado a licitaci\u00f3n que se da a difusi\u00f3n hoy y ma\u00f1ana en las p\u00e1ginas de Diario EL NORTE, el presupuesto oficial (estimado por los t\u00e9cnicos municipales que intervinieron en el proyecto) para la concreci\u00f3n de los trabajos previstos, es de 6.352.500 pesos.<\/p>\n\n\n\n<p>En tanto, el acto de apertura de sobres en que se conocer\u00e1n las ofertas y cotizaciones de las empresas interesadas en hacerse cargo de la ejecuci\u00f3n de la obra, est\u00e1 previsto para el vienes 1\u00ba de marzo a las 9:30 en las oficinas de Compras y Contrataciones del Palacio Municipal. A trav\u00e9s de la compra de 500 l\u00e1mparas, el municipio continuar\u00e1 avanzando con el plan de reconversi\u00f3n del alumbrado p\u00fablico, reemplazando las viejas l\u00e1mparas de sodio por nuevos artefactos de tecnolog\u00eda led: de mayor rendimiento y menor consumo. En 2018, el plan incluy\u00f3 el recambio del alumbrado en los accesos y principales avenidas de la ciudad.Con la instalaci\u00f3n de 850 equipos LED, el municipio complet\u00f3 hacia setiembre pasado el recambio de luminarias en los ingresos a la ciudad por Illia y Ruta 188 como tambi\u00e9n en las avenidas Viale, Moreno, Savio, Alberdi y Rivadavia. <\/p>\n","protected":false},"excerpt":{"rendered":"<p>Con las firmas del intendente Manuel Passaglia y de la secretario de Econom\u00eda y Finanzas, Bernarda Balestra, la Municipalidad de San Nicol\u00e1s abre este fin de semana un nuevo proceso de licitaci\u00f3n p\u00fablica, el cuarto del a\u00f1o. Se trata, en este caso, de la selecci\u00f3n del proveedor de unas 500 l\u00e1mparas de tecnolog\u00eda led de [&hellip;]<\/p>\n","protected":false},"author":4,"featured_media":47051,"comment_status":"open","ping_status":"closed","sticky":false,"template":"","format":"standard","meta":{"om_disable_all_campaigns":false,"_jetpack_memberships_contains_paid_content":false,"footnotes":""},"categories":[621],"tags":[],"class_list":["post-47050","post","type-post","status-publish","format-standard","has-post-thumbnail","hentry","category-regionales"],"aioseo_notices":[],"gutentor_comment":0,"jetpack_featured_media_url":"https:\/\/eldiariodesanpedro.com.ar\/sitio\/wp-content\/uploads\/2019\/02\/0-1.jpg","jetpack_shortlink":"https:\/\/wp.me\/p6RhLt-ceS","jetpack_sharing_enabled":true,"_links":{"self":[{"href":"https:\/\/eldiariodesanpedro.com.ar\/sitio\/wp-json\/wp\/v2\/posts\/47050","targetHints":{"allow":["GET"]}}],"collection":[{"href":"https:\/\/eldiariodesanpedro.com.ar\/sitio\/wp-json\/wp\/v2\/posts"}],"about":[{"href":"https:\/\/eldiariodesanpedro.com.ar\/sitio\/wp-json\/wp\/v2\/types\/post"}],"author":[{"embeddable":true,"href":"https:\/\/eldiariodesanpedro.com.ar\/sitio\/wp-json\/wp\/v2\/users\/4"}],"replies":[{"embeddable":true,"href":"https:\/\/eldiariodesanpedro.com.ar\/sitio\/wp-json\/wp\/v2\/comments?post=47050"}],"version-history":[{"count":1,"href":"https:\/\/eldiariodesanpedro.com.ar\/sitio\/wp-json\/wp\/v2\/posts\/47050\/revisions"}],"predecessor-version":[{"id":47052,"href":"https:\/\/eldiariodesanpedro.com.ar\/sitio\/wp-json\/wp\/v2\/posts\/47050\/revisions\/47052"}],"wp:featuredmedia":[{"embeddable":true,"href":"https:\/\/eldiariodesanpedro.com.ar\/sitio\/wp-json\/wp\/v2\/media\/47051"}],"wp:attachment":[{"href":"https:\/\/eldiariodesanpedro.com.ar\/sitio\/wp-json\/wp\/v2\/media?parent=47050"}],"wp:term":[{"taxonomy":"category","embeddable":true,"href":"https:\/\/eldiariodesanpedro.com.ar\/sitio\/wp-json\/wp\/v2\/categories?post=47050"},{"taxonomy":"post_tag","embeddable":true,"href":"https:\/\/eldiariodesanpedro.com.ar\/sitio\/wp-json\/wp\/v2\/tags?post=47050"}],"curies":[{"name":"wp","href":"https:\/\/api.w.org\/{rel}","templated":true}]}}