{"id":47046,"date":"2019-02-05T09:13:41","date_gmt":"2019-02-05T12:13:41","guid":{"rendered":"https:\/\/eldiariodesanpedro.com.ar\/sitio\/?p=47046"},"modified":"2019-02-05T09:13:51","modified_gmt":"2019-02-05T12:13:51","slug":"san-nicolas-trapito-le-rayo-el-auto-a-un-hombre-por-negarse-a-pagar","status":"publish","type":"post","link":"https:\/\/eldiariodesanpedro.com.ar\/sitio\/san-nicolas-trapito-le-rayo-el-auto-a-un-hombre-por-negarse-a-pagar\/","title":{"rendered":"SAN NICOL\u00c1S: Trapito le ray\u00f3 el auto a un hombre por negarse a pagar"},"content":{"rendered":"<!-- VideographyWP Plugin Message: Automatic video embedding prevented by plugin options. -->\n\n<p>\n\nEl hecho ocurri\u00f3 en horas de la noche del domingo en Av. Viale entre calle Salk y Sarmiento.<\/p>\n\n\n\n<p>Un joven de 25 a\u00f1os fue aprehendido luego de rayar un auto Ford Ka que estaba estacionado.<\/p>\n\n\n\n<p>La v\u00edctima y due\u00f1o del veh\u00edculo, manifest\u00f3 a la polic\u00eda que el sujeto lo hizo porque se neg\u00f3 a abonar por el cuidado del mismo.<\/p>\n\n\n\n<p>Se labraron actuaciones por Da\u00f1os e intervino la UFI N\u00b0 4.\n\n<\/p>\n","protected":false},"excerpt":{"rendered":"<p>El hecho ocurri\u00f3 en horas de la noche del domingo en Av. Viale entre calle Salk y Sarmiento. Un joven de 25 a\u00f1os fue aprehendido luego de rayar un auto Ford Ka que estaba estacionado. La v\u00edctima y due\u00f1o del veh\u00edculo, manifest\u00f3 a la polic\u00eda que el sujeto lo hizo porque se neg\u00f3 a abonar [&hellip;]<\/p>\n","protected":false},"author":4,"featured_media":47048,"comment_status":"open","ping_status":"closed","sticky":false,"template":"","format":"standard","meta":{"om_disable_all_campaigns":false,"_jetpack_memberships_contains_paid_content":false,"footnotes":""},"categories":[621],"tags":[],"class_list":["post-47046","post","type-post","status-publish","format-standard","has-post-thumbnail","hentry","category-regionales"],"aioseo_notices":[],"gutentor_comment":0,"jetpack_featured_media_url":"https:\/\/eldiariodesanpedro.com.ar\/sitio\/wp-content\/uploads\/2019\/02\/no_glht1obwoizn8nxter.jpg","jetpack_shortlink":"https:\/\/wp.me\/p6RhLt-ceO","jetpack_sharing_enabled":true,"_links":{"self":[{"href":"https:\/\/eldiariodesanpedro.com.ar\/sitio\/wp-json\/wp\/v2\/posts\/47046","targetHints":{"allow":["GET"]}}],"collection":[{"href":"https:\/\/eldiariodesanpedro.com.ar\/sitio\/wp-json\/wp\/v2\/posts"}],"about":[{"href":"https:\/\/eldiariodesanpedro.com.ar\/sitio\/wp-json\/wp\/v2\/types\/post"}],"author":[{"embeddable":true,"href":"https:\/\/eldiariodesanpedro.com.ar\/sitio\/wp-json\/wp\/v2\/users\/4"}],"replies":[{"embeddable":true,"href":"https:\/\/eldiariodesanpedro.com.ar\/sitio\/wp-json\/wp\/v2\/comments?post=47046"}],"version-history":[{"count":1,"href":"https:\/\/eldiariodesanpedro.com.ar\/sitio\/wp-json\/wp\/v2\/posts\/47046\/revisions"}],"predecessor-version":[{"id":47049,"href":"https:\/\/eldiariodesanpedro.com.ar\/sitio\/wp-json\/wp\/v2\/posts\/47046\/revisions\/47049"}],"wp:featuredmedia":[{"embeddable":true,"href":"https:\/\/eldiariodesanpedro.com.ar\/sitio\/wp-json\/wp\/v2\/media\/47048"}],"wp:attachment":[{"href":"https:\/\/eldiariodesanpedro.com.ar\/sitio\/wp-json\/wp\/v2\/media?parent=47046"}],"wp:term":[{"taxonomy":"category","embeddable":true,"href":"https:\/\/eldiariodesanpedro.com.ar\/sitio\/wp-json\/wp\/v2\/categories?post=47046"},{"taxonomy":"post_tag","embeddable":true,"href":"https:\/\/eldiariodesanpedro.com.ar\/sitio\/wp-json\/wp\/v2\/tags?post=47046"}],"curies":[{"name":"wp","href":"https:\/\/api.w.org\/{rel}","templated":true}]}}