{"id":47042,"date":"2019-02-05T09:09:39","date_gmt":"2019-02-05T12:09:39","guid":{"rendered":"https:\/\/eldiariodesanpedro.com.ar\/sitio\/?p=47042"},"modified":"2019-02-05T09:09:54","modified_gmt":"2019-02-05T12:09:54","slug":"san-nicolas-dos-matrimonios-con-criaturas-robaron-en-una-ferreteria-de-la-emilia","status":"publish","type":"post","link":"https:\/\/eldiariodesanpedro.com.ar\/sitio\/san-nicolas-dos-matrimonios-con-criaturas-robaron-en-una-ferreteria-de-la-emilia\/","title":{"rendered":"SAN NICOL\u00c1S: Dos matrimonios con criaturas robaron en una ferreter\u00eda de La Emilia"},"content":{"rendered":"<!-- VideographyWP Plugin Message: Automatic video embedding prevented by plugin options. -->\n\n<p>\n\nEn horas de la tarde de este lunes, ocurri\u00f3 un robo calificado en una ferreter\u00eda ubicada en calle C\u00f3rdova y H. Ferreyra.<\/p>\n\n\n\n<p>Los ladrones, dos matrimonios j\u00f3venes, huyeron en un auto Peugeot 206 y fueron detenidos en el camino a La Emilia. Al momento de cometer el il\u00edcito estaban con un beb\u00e9 y un ni\u00f1o de 4 a\u00f1os.<\/p>\n\n\n\n<p>Los imputados son dos sujetos de 22 y 25 a\u00f1os, y dos mujeres de 38 y 16 a\u00f1os. Tres de ellos tienen antecedentes penales. En su poder se secuestr\u00f3 el dinero sustra\u00eddo en el comercio y un handy con frecuencia policial.<\/p>\n\n\n\n<p>Se trata de Mat\u00edas Muzzano de 25 a\u00f1os, Ciro Romero de 22, Mar\u00eda Alvez de 38 y una mujer menor de edad, de 16.<\/p>\n\n\n\n<p>Luego de cometer el il\u00edcito se desprendieron de dos armas de fuego ocult\u00e1ndolas en una zona descampada, pero fueron luego halladas.&nbsp;<\/p>\n\n\n\n<p>Tras el robo se mont\u00f3 un intenso operativo cerrojo para dar con los autores, y fue un m\u00f3vil de la polic\u00eda local en el que iba su segundo jefe Cepeda, quienes lograron detenerlos en el camino de La Papelera, a unos 200 metros de la Ruta 9. Secuestrando les la totalidad del dinero sustra\u00eddo, alrededor de 6000 pesos.<\/p>\n\n\n\n<p>Trascendi\u00f3 que los hombres descendieron del autom\u00f3vil quedando las mujeres con las criaturas arriba, efectuaron el robo calificado, y maniataron a sus v\u00edctimas que ser\u00edan dos en el interior de la ferreter\u00eda.&nbsp;<\/p>\n\n\n\n<p>Fueron trasladados a sede de la Comisar\u00eda Primera y aguardaban la llegada de familiares para entregarles las criaturas en cuidado.<\/p>\n\n\n\n<p>Entiendi\u00f3 en un primer momento del hecho el fiscal Dr. Dar\u00edo Giagnorio. Pero al haber participado una mujer menor de edad, la caus\u00f3 a la Fiscal\u00eda de Menores, estando en turno el Dr Jos\u00e9 Guadagnoli.\n\n<\/p>\n","protected":false},"excerpt":{"rendered":"<p>En horas de la tarde de este lunes, ocurri\u00f3 un robo calificado en una ferreter\u00eda ubicada en calle C\u00f3rdova y H. Ferreyra. Los ladrones, dos matrimonios j\u00f3venes, huyeron en un auto Peugeot 206 y fueron detenidos en el camino a La Emilia. Al momento de cometer el il\u00edcito estaban con un beb\u00e9 y un ni\u00f1o [&hellip;]<\/p>\n","protected":false},"author":4,"featured_media":47043,"comment_status":"open","ping_status":"closed","sticky":false,"template":"","format":"standard","meta":{"om_disable_all_campaigns":false,"_jetpack_memberships_contains_paid_content":false,"footnotes":""},"categories":[621],"tags":[],"class_list":["post-47042","post","type-post","status-publish","format-standard","has-post-thumbnail","hentry","category-regionales"],"aioseo_notices":[],"gutentor_comment":0,"jetpack_featured_media_url":"https:\/\/eldiariodesanpedro.com.ar\/sitio\/wp-content\/uploads\/2019\/02\/no_rejzdpmao7844zmd.jpg","jetpack_shortlink":"https:\/\/wp.me\/p6RhLt-ceK","jetpack_sharing_enabled":true,"_links":{"self":[{"href":"https:\/\/eldiariodesanpedro.com.ar\/sitio\/wp-json\/wp\/v2\/posts\/47042","targetHints":{"allow":["GET"]}}],"collection":[{"href":"https:\/\/eldiariodesanpedro.com.ar\/sitio\/wp-json\/wp\/v2\/posts"}],"about":[{"href":"https:\/\/eldiariodesanpedro.com.ar\/sitio\/wp-json\/wp\/v2\/types\/post"}],"author":[{"embeddable":true,"href":"https:\/\/eldiariodesanpedro.com.ar\/sitio\/wp-json\/wp\/v2\/users\/4"}],"replies":[{"embeddable":true,"href":"https:\/\/eldiariodesanpedro.com.ar\/sitio\/wp-json\/wp\/v2\/comments?post=47042"}],"version-history":[{"count":1,"href":"https:\/\/eldiariodesanpedro.com.ar\/sitio\/wp-json\/wp\/v2\/posts\/47042\/revisions"}],"predecessor-version":[{"id":47044,"href":"https:\/\/eldiariodesanpedro.com.ar\/sitio\/wp-json\/wp\/v2\/posts\/47042\/revisions\/47044"}],"wp:featuredmedia":[{"embeddable":true,"href":"https:\/\/eldiariodesanpedro.com.ar\/sitio\/wp-json\/wp\/v2\/media\/47043"}],"wp:attachment":[{"href":"https:\/\/eldiariodesanpedro.com.ar\/sitio\/wp-json\/wp\/v2\/media?parent=47042"}],"wp:term":[{"taxonomy":"category","embeddable":true,"href":"https:\/\/eldiariodesanpedro.com.ar\/sitio\/wp-json\/wp\/v2\/categories?post=47042"},{"taxonomy":"post_tag","embeddable":true,"href":"https:\/\/eldiariodesanpedro.com.ar\/sitio\/wp-json\/wp\/v2\/tags?post=47042"}],"curies":[{"name":"wp","href":"https:\/\/api.w.org\/{rel}","templated":true}]}}