{"id":47039,"date":"2019-02-05T09:07:25","date_gmt":"2019-02-05T12:07:25","guid":{"rendered":"https:\/\/eldiariodesanpedro.com.ar\/sitio\/?p=47039"},"modified":"2019-02-05T09:07:33","modified_gmt":"2019-02-05T12:07:33","slug":"arrecifes-vendian-remedios-del-hospital-para-mezclar-con-alcohol","status":"publish","type":"post","link":"https:\/\/eldiariodesanpedro.com.ar\/sitio\/arrecifes-vendian-remedios-del-hospital-para-mezclar-con-alcohol\/","title":{"rendered":"ARRECIFES: Vend\u00edan remedios del Hospital para mezclar con alcohol"},"content":{"rendered":"<!-- VideographyWP Plugin Message: Automatic video embedding prevented by plugin options. -->\n\n<p>As\u00ed lo confirm\u00f3 el secretario de Salud de la Municipalidad de Arrecifes, Dr. Carlos Mondino, esta ma\u00f1ana en Radio Uno (107.1).<\/p>\n\n\n\n<p>El m\u00e9dico inform\u00f3 que en la Direcci\u00f3n del Hospital Municipal \u201cSanta Francisca\u201d se recibi\u00f3 la denuncia de una madre, relatando que a su hijo, en la calle, le hab\u00edan vendido pastillas de clonazepam (un psicof\u00e1rmaco), obtenidas en la Farmacia del Hospital, \u201cpara ser mezclado con bebidas alcoh\u00f3licas\u201d.<\/p>\n\n\n\n<p>\u201cEl joven consumi\u00f3 esta mezcla y realmente se vivi\u00f3 una situaci\u00f3n dram\u00e1tica, por lo que su madre, cuidando de la salud de su hijo, investig\u00f3 el caso y lo denunci\u00f3 en la Direcci\u00f3n del Hospital. Aprovecho la oportunidad para agradecer y destacar la valent\u00eda de esta se\u00f1ora, a quien no conozco, e instar a otras personas a que, si llegan a conocer situaciones similares, nos lo hagan saber para tomar las medidas del caso\u201d, manifest\u00f3 el Dr. Mondino.<\/p>\n\n\n\n<p>El secretario de Salud agreg\u00f3 que \u201cgracias a esta se\u00f1ora pudimos determinar que la persona que le vendi\u00f3 esas pastillas a su hijo las hab\u00eda retirado con una receta de la Farmacia del Hospital. A partir de ahora tendremos que extremar las exigencias para la entrega de medicamentos porque no podemos permitir cosas como \u00e9stas. Le pido a la gente que necesita de remedios del Hospital que no se ofenda, pero seremos mucho m\u00e1s rigurosos en los requisitos para la entrega\u201d.<\/p>\n\n\n\n<p>Mondino coment\u00f3, adem\u00e1s, que \u201clamentablemente parece que \u00e9sta es una pr\u00e1ctica habitual entre los j\u00f3venes. Incluso nos contaron que en algunos boliches preparan la llamada \u2018jarra loca\u2019, en la que mezclan bebidas alcoh\u00f3licas de distinto tipo con tabletas enteras de psicof\u00e1rmacos. Ese puede ser un c\u00f3ctel mortal para los chicos o, como mal menor, produce alteraciones nerviosas que terminan en violencia, accidentes, robos y dem\u00e1s. Como autoridades, no podemos permitir que esto siga ocurriendo\u201d.<\/p>\n\n\n\n<p>Fuente: <a href=\"https:\/\/arrecifesnoticias.com\">Noticias Arrecifes<\/a><\/p>\n","protected":false},"excerpt":{"rendered":"<p>As\u00ed lo confirm\u00f3 el secretario de Salud de la Municipalidad de Arrecifes, Dr. Carlos Mondino, esta ma\u00f1ana en Radio Uno (107.1). El m\u00e9dico inform\u00f3 que en la Direcci\u00f3n del Hospital Municipal \u201cSanta Francisca\u201d se recibi\u00f3 la denuncia de una madre, relatando que a su hijo, en la calle, le hab\u00edan vendido pastillas de clonazepam (un [&hellip;]<\/p>\n","protected":false},"author":4,"featured_media":47040,"comment_status":"open","ping_status":"closed","sticky":false,"template":"","format":"standard","meta":{"om_disable_all_campaigns":false,"_jetpack_memberships_contains_paid_content":false,"footnotes":""},"categories":[621],"tags":[],"class_list":["post-47039","post","type-post","status-publish","format-standard","has-post-thumbnail","hentry","category-regionales"],"aioseo_notices":[],"gutentor_comment":0,"jetpack_featured_media_url":"https:\/\/eldiariodesanpedro.com.ar\/sitio\/wp-content\/uploads\/2019\/02\/Guardia-Hospital.jpg","jetpack_shortlink":"https:\/\/wp.me\/p6RhLt-ceH","jetpack_sharing_enabled":true,"_links":{"self":[{"href":"https:\/\/eldiariodesanpedro.com.ar\/sitio\/wp-json\/wp\/v2\/posts\/47039","targetHints":{"allow":["GET"]}}],"collection":[{"href":"https:\/\/eldiariodesanpedro.com.ar\/sitio\/wp-json\/wp\/v2\/posts"}],"about":[{"href":"https:\/\/eldiariodesanpedro.com.ar\/sitio\/wp-json\/wp\/v2\/types\/post"}],"author":[{"embeddable":true,"href":"https:\/\/eldiariodesanpedro.com.ar\/sitio\/wp-json\/wp\/v2\/users\/4"}],"replies":[{"embeddable":true,"href":"https:\/\/eldiariodesanpedro.com.ar\/sitio\/wp-json\/wp\/v2\/comments?post=47039"}],"version-history":[{"count":1,"href":"https:\/\/eldiariodesanpedro.com.ar\/sitio\/wp-json\/wp\/v2\/posts\/47039\/revisions"}],"predecessor-version":[{"id":47041,"href":"https:\/\/eldiariodesanpedro.com.ar\/sitio\/wp-json\/wp\/v2\/posts\/47039\/revisions\/47041"}],"wp:featuredmedia":[{"embeddable":true,"href":"https:\/\/eldiariodesanpedro.com.ar\/sitio\/wp-json\/wp\/v2\/media\/47040"}],"wp:attachment":[{"href":"https:\/\/eldiariodesanpedro.com.ar\/sitio\/wp-json\/wp\/v2\/media?parent=47039"}],"wp:term":[{"taxonomy":"category","embeddable":true,"href":"https:\/\/eldiariodesanpedro.com.ar\/sitio\/wp-json\/wp\/v2\/categories?post=47039"},{"taxonomy":"post_tag","embeddable":true,"href":"https:\/\/eldiariodesanpedro.com.ar\/sitio\/wp-json\/wp\/v2\/tags?post=47039"}],"curies":[{"name":"wp","href":"https:\/\/api.w.org\/{rel}","templated":true}]}}