{"id":47036,"date":"2019-02-05T09:09:43","date_gmt":"2019-02-05T12:09:43","guid":{"rendered":"https:\/\/eldiariodesanpedro.com.ar\/sitio\/?p=47036"},"modified":"2019-02-05T19:04:16","modified_gmt":"2019-02-05T22:04:16","slug":"recuperaron-una-moto-robada-que-estaba-abandonada-en-la-via-publica","status":"publish","type":"post","link":"https:\/\/eldiariodesanpedro.com.ar\/sitio\/recuperaron-una-moto-robada-que-estaba-abandonada-en-la-via-publica\/","title":{"rendered":"Recuperaron una moto robada que estaba abandonada en la v\u00eda publica"},"content":{"rendered":"<!-- VideographyWP Plugin Message: Automatic video embedding prevented by plugin options. -->\n\n<p>Personal policial hallo este lunes una motocicleta 110 cc color negra la cual se encontraba abandonada sobre calle Facundo Quiroga al 1000. El rodado pertenece a una ciudadana de Baradero.<\/p>\n\n\n\n<p>Tras hacer la recorrida como todos los d\u00edas, los efectivos constataron el veh\u00edculo abandonado en la v\u00eda publica.<\/p>\n\n\n\n<p>En ese momento se ingresa el numero de motor al sistema informativo de captura y secuestros, donde se determino que registra pedido de secuestro activo del 25 de enero del corriente a\u00f1o por un hecho caratulado como \u00abrobo\u00bb siendo la denunciante una mujer de la ciudad vecina de Baradero con intervenci\u00f3n de la Fiscalia N\u00ba8.<br><\/p>\n","protected":false},"excerpt":{"rendered":"<p>Personal policial hallo este lunes una motocicleta 110 cc color negra la cual se encontraba abandonada sobre calle Facundo Quiroga al 1000. El rodado pertenece a una ciudadana de Baradero. Tras hacer la recorrida como todos los d\u00edas, los efectivos constataron el veh\u00edculo abandonado en la v\u00eda publica. En ese momento se ingresa el numero [&hellip;]<\/p>\n","protected":false},"author":4,"featured_media":45949,"comment_status":"open","ping_status":"closed","sticky":false,"template":"","format":"standard","meta":{"om_disable_all_campaigns":false,"_jetpack_memberships_contains_paid_content":false,"footnotes":""},"categories":[2,103],"tags":[],"class_list":["post-47036","post","type-post","status-publish","format-standard","has-post-thumbnail","hentry","category-locales","category-policiales-locales"],"aioseo_notices":[],"gutentor_comment":0,"jetpack_featured_media_url":"https:\/\/eldiariodesanpedro.com.ar\/sitio\/wp-content\/uploads\/2019\/01\/nuevos-patrulleros-policia-02_6.jpg","jetpack_shortlink":"https:\/\/wp.me\/p6RhLt-ceE","jetpack_sharing_enabled":true,"_links":{"self":[{"href":"https:\/\/eldiariodesanpedro.com.ar\/sitio\/wp-json\/wp\/v2\/posts\/47036","targetHints":{"allow":["GET"]}}],"collection":[{"href":"https:\/\/eldiariodesanpedro.com.ar\/sitio\/wp-json\/wp\/v2\/posts"}],"about":[{"href":"https:\/\/eldiariodesanpedro.com.ar\/sitio\/wp-json\/wp\/v2\/types\/post"}],"author":[{"embeddable":true,"href":"https:\/\/eldiariodesanpedro.com.ar\/sitio\/wp-json\/wp\/v2\/users\/4"}],"replies":[{"embeddable":true,"href":"https:\/\/eldiariodesanpedro.com.ar\/sitio\/wp-json\/wp\/v2\/comments?post=47036"}],"version-history":[{"count":2,"href":"https:\/\/eldiariodesanpedro.com.ar\/sitio\/wp-json\/wp\/v2\/posts\/47036\/revisions"}],"predecessor-version":[{"id":47088,"href":"https:\/\/eldiariodesanpedro.com.ar\/sitio\/wp-json\/wp\/v2\/posts\/47036\/revisions\/47088"}],"wp:featuredmedia":[{"embeddable":true,"href":"https:\/\/eldiariodesanpedro.com.ar\/sitio\/wp-json\/wp\/v2\/media\/45949"}],"wp:attachment":[{"href":"https:\/\/eldiariodesanpedro.com.ar\/sitio\/wp-json\/wp\/v2\/media?parent=47036"}],"wp:term":[{"taxonomy":"category","embeddable":true,"href":"https:\/\/eldiariodesanpedro.com.ar\/sitio\/wp-json\/wp\/v2\/categories?post=47036"},{"taxonomy":"post_tag","embeddable":true,"href":"https:\/\/eldiariodesanpedro.com.ar\/sitio\/wp-json\/wp\/v2\/tags?post=47036"}],"curies":[{"name":"wp","href":"https:\/\/api.w.org\/{rel}","templated":true}]}}