{"id":47033,"date":"2019-02-05T09:05:11","date_gmt":"2019-02-05T12:05:11","guid":{"rendered":"https:\/\/eldiariodesanpedro.com.ar\/sitio\/?p=47033"},"modified":"2019-02-05T09:05:21","modified_gmt":"2019-02-05T12:05:21","slug":"ramallo-una-nena-de-5-anos-atropellada","status":"publish","type":"post","link":"https:\/\/eldiariodesanpedro.com.ar\/sitio\/ramallo-una-nena-de-5-anos-atropellada\/","title":{"rendered":"RAMALLO: Una nena de 5 a\u00f1os, atropellada"},"content":{"rendered":"<!-- VideographyWP Plugin Message: Automatic video embedding prevented by plugin options. -->\n\n<p>En Villa Ramallo, una moto impact\u00f3 sobre una menor que fue trasladada a San Nicol\u00e1s.<\/p>\n\n\n\n<p>El s\u00e1bado, la Comisar\u00eda 2da. recibi\u00f3 un llamado de emergencia cerca de las 21 horas dando cuenta de una ni\u00f1a que fue arrollada por una motocicleta en la calle Rivadavia al 800. Si bien se intentan establecer las causas, se sabe que quien conduc\u00eda el veh\u00edculo era un mayor de edad.<\/p>\n\n\n\n<p>Como consecuencia del accidente, se traslad\u00f3 a la v\u00edctima (Ang\u00e9lica Barrientos), de 5 a\u00f1os, al Hospital San Felipe de San Nicol\u00e1s, con heridas Leves.<\/p>\n\n\n\n<p>Fuente: <a href=\"http:\/\/www.ramalloinforma.com.ar\">Ramallo Informa<\/a><\/p>\n","protected":false},"excerpt":{"rendered":"<p>En Villa Ramallo, una moto impact\u00f3 sobre una menor que fue trasladada a San Nicol\u00e1s. El s\u00e1bado, la Comisar\u00eda 2da. recibi\u00f3 un llamado de emergencia cerca de las 21 horas dando cuenta de una ni\u00f1a que fue arrollada por una motocicleta en la calle Rivadavia al 800. Si bien se intentan establecer las causas, se [&hellip;]<\/p>\n","protected":false},"author":4,"featured_media":47037,"comment_status":"open","ping_status":"closed","sticky":false,"template":"","format":"standard","meta":{"om_disable_all_campaigns":false,"_jetpack_memberships_contains_paid_content":false,"footnotes":""},"categories":[621],"tags":[],"class_list":["post-47033","post","type-post","status-publish","format-standard","has-post-thumbnail","hentry","category-regionales"],"aioseo_notices":[],"gutentor_comment":0,"jetpack_featured_media_url":"https:\/\/eldiariodesanpedro.com.ar\/sitio\/wp-content\/uploads\/2019\/02\/Rivadavia-800.jpg","jetpack_shortlink":"https:\/\/wp.me\/p6RhLt-ceB","jetpack_sharing_enabled":true,"_links":{"self":[{"href":"https:\/\/eldiariodesanpedro.com.ar\/sitio\/wp-json\/wp\/v2\/posts\/47033","targetHints":{"allow":["GET"]}}],"collection":[{"href":"https:\/\/eldiariodesanpedro.com.ar\/sitio\/wp-json\/wp\/v2\/posts"}],"about":[{"href":"https:\/\/eldiariodesanpedro.com.ar\/sitio\/wp-json\/wp\/v2\/types\/post"}],"author":[{"embeddable":true,"href":"https:\/\/eldiariodesanpedro.com.ar\/sitio\/wp-json\/wp\/v2\/users\/4"}],"replies":[{"embeddable":true,"href":"https:\/\/eldiariodesanpedro.com.ar\/sitio\/wp-json\/wp\/v2\/comments?post=47033"}],"version-history":[{"count":1,"href":"https:\/\/eldiariodesanpedro.com.ar\/sitio\/wp-json\/wp\/v2\/posts\/47033\/revisions"}],"predecessor-version":[{"id":47038,"href":"https:\/\/eldiariodesanpedro.com.ar\/sitio\/wp-json\/wp\/v2\/posts\/47033\/revisions\/47038"}],"wp:featuredmedia":[{"embeddable":true,"href":"https:\/\/eldiariodesanpedro.com.ar\/sitio\/wp-json\/wp\/v2\/media\/47037"}],"wp:attachment":[{"href":"https:\/\/eldiariodesanpedro.com.ar\/sitio\/wp-json\/wp\/v2\/media?parent=47033"}],"wp:term":[{"taxonomy":"category","embeddable":true,"href":"https:\/\/eldiariodesanpedro.com.ar\/sitio\/wp-json\/wp\/v2\/categories?post=47033"},{"taxonomy":"post_tag","embeddable":true,"href":"https:\/\/eldiariodesanpedro.com.ar\/sitio\/wp-json\/wp\/v2\/tags?post=47033"}],"curies":[{"name":"wp","href":"https:\/\/api.w.org\/{rel}","templated":true}]}}