{"id":47020,"date":"2019-02-04T10:10:22","date_gmt":"2019-02-04T13:10:22","guid":{"rendered":"https:\/\/eldiariodesanpedro.com.ar\/sitio\/?p=47020"},"modified":"2019-02-04T10:10:34","modified_gmt":"2019-02-04T13:10:34","slug":"campana-acusado-de-abuso-sexual-a-una-menor-se-suicido-en-la-carcel","status":"publish","type":"post","link":"https:\/\/eldiariodesanpedro.com.ar\/sitio\/campana-acusado-de-abuso-sexual-a-una-menor-se-suicido-en-la-carcel\/","title":{"rendered":"CAMPANA: Acusado de abuso sexual a una menor se suicid\u00f3 en la c\u00e1rcel"},"content":{"rendered":"<!-- VideographyWP Plugin Message: Automatic video embedding prevented by plugin options. -->\n\n<p>Ten\u00eda 27 a\u00f1os, y se quit\u00f3 la vida en una celda de la Unidad 21. Cruces entre allegados de la menor y el detenido: \u201cLa justicia no ten\u00eda pruebas de ning\u00fan abuso\u201d aseguran desde una de las partes.<\/p>\n\n\n\n<p>Un interno de la Unidad Penitenciaria N\u00b021 se quit\u00f3 la vida en su celda, donde se encontraba alojado tras ser acusado de abusar sexualmente de una menor de 14 a\u00f1os.<br><br>Se trata de Miguel Ledesma, quien ten\u00eda 27 a\u00f1os y era oriundo del barrio Dallera. Al parecer, la presunta v\u00edctima habr\u00eda sido su propia cu\u00f1ada, cuyos padres lo denunciaron y se encontraba detenido a la espera del avance de la causa.<br><br>No obstante, allegados tanto del detenido como de la peque\u00f1a, mantuvieron cruces en las redes sociales. \u201cEsta nenita que supuestamente hab\u00eda sido abusada, manda mensajes burl\u00e1ndose de la muerte de mi primo diciendo que \u00e9l la violo. Cuando ella lo buscaba siempre. La Justicia no ten\u00eda pruebas de ning\u00fan abuso. Ella no ten\u00eda ni heridas, nada de nada. Arruinaron una familia y una vida\u201d sostuvo la prima del detenido.<br><br>Por el lado de la menor, a su vez, se\u00f1alaron que el abuso existi\u00f3 y el propio Ledesma lo habr\u00eda confirmado a sus \u00edntimos.<\/p>\n\n\n\n<p>Fuente: <a href=\"http:\/\/www.campananoticias.com\">Campana Noticias<\/a><\/p>\n","protected":false},"excerpt":{"rendered":"<p>Ten\u00eda 27 a\u00f1os, y se quit\u00f3 la vida en una celda de la Unidad 21. Cruces entre allegados de la menor y el detenido: \u201cLa justicia no ten\u00eda pruebas de ning\u00fan abuso\u201d aseguran desde una de las partes. Un interno de la Unidad Penitenciaria N\u00b021 se quit\u00f3 la vida en su celda, donde se encontraba [&hellip;]<\/p>\n","protected":false},"author":4,"featured_media":47021,"comment_status":"open","ping_status":"closed","sticky":false,"template":"","format":"standard","meta":{"om_disable_all_campaigns":false,"_jetpack_memberships_contains_paid_content":false,"footnotes":""},"categories":[2],"tags":[],"class_list":["post-47020","post","type-post","status-publish","format-standard","has-post-thumbnail","hentry","category-locales"],"aioseo_notices":[],"gutentor_comment":0,"jetpack_featured_media_url":"https:\/\/eldiariodesanpedro.com.ar\/sitio\/wp-content\/uploads\/2019\/02\/20190202075202.jpg","jetpack_shortlink":"https:\/\/wp.me\/p6RhLt-ceo","jetpack_sharing_enabled":true,"_links":{"self":[{"href":"https:\/\/eldiariodesanpedro.com.ar\/sitio\/wp-json\/wp\/v2\/posts\/47020","targetHints":{"allow":["GET"]}}],"collection":[{"href":"https:\/\/eldiariodesanpedro.com.ar\/sitio\/wp-json\/wp\/v2\/posts"}],"about":[{"href":"https:\/\/eldiariodesanpedro.com.ar\/sitio\/wp-json\/wp\/v2\/types\/post"}],"author":[{"embeddable":true,"href":"https:\/\/eldiariodesanpedro.com.ar\/sitio\/wp-json\/wp\/v2\/users\/4"}],"replies":[{"embeddable":true,"href":"https:\/\/eldiariodesanpedro.com.ar\/sitio\/wp-json\/wp\/v2\/comments?post=47020"}],"version-history":[{"count":1,"href":"https:\/\/eldiariodesanpedro.com.ar\/sitio\/wp-json\/wp\/v2\/posts\/47020\/revisions"}],"predecessor-version":[{"id":47022,"href":"https:\/\/eldiariodesanpedro.com.ar\/sitio\/wp-json\/wp\/v2\/posts\/47020\/revisions\/47022"}],"wp:featuredmedia":[{"embeddable":true,"href":"https:\/\/eldiariodesanpedro.com.ar\/sitio\/wp-json\/wp\/v2\/media\/47021"}],"wp:attachment":[{"href":"https:\/\/eldiariodesanpedro.com.ar\/sitio\/wp-json\/wp\/v2\/media?parent=47020"}],"wp:term":[{"taxonomy":"category","embeddable":true,"href":"https:\/\/eldiariodesanpedro.com.ar\/sitio\/wp-json\/wp\/v2\/categories?post=47020"},{"taxonomy":"post_tag","embeddable":true,"href":"https:\/\/eldiariodesanpedro.com.ar\/sitio\/wp-json\/wp\/v2\/tags?post=47020"}],"curies":[{"name":"wp","href":"https:\/\/api.w.org\/{rel}","templated":true}]}}