{"id":4702,"date":"2016-05-24T20:37:36","date_gmt":"2016-05-24T23:37:36","guid":{"rendered":"https:\/\/eldiariodesanpedro.com.ar\/sitio\/?p=4702"},"modified":"2016-05-24T20:37:36","modified_gmt":"2016-05-24T23:37:36","slug":"fue-liberado-el-profesor-imputado-por-el-homicidio-culposo-de-sebastian-mino","status":"publish","type":"post","link":"https:\/\/eldiariodesanpedro.com.ar\/sitio\/fue-liberado-el-profesor-imputado-por-el-homicidio-culposo-de-sebastian-mino\/","title":{"rendered":"Fue liberado el profesor imputado por el \u00abhomicidio culposo\u00bb de Sebasti\u00e1n Mi\u00f1o"},"content":{"rendered":"<p><!-- VideographyWP Plugin Message: Automatic video embedding prevented by plugin options. --><br \/>\nEl Juzgado de Garant\u00edas interviniente en la causa determin\u00f3 finalmente que el profesor de matem\u00e1ticas Jos\u00e9 \u201cTati\u201d S\u00e1nchez (32),  imputado por el \u00abhomicidio culposo agravado\u00bb de Sebasti\u00e1n Mi\u00f1o (27), sea puesto en libertad.<br \/>\nLa car\u00e1tula permite la excarcelaci\u00f3n por lo que era de suponer que con el correr de los d\u00edas se concretara, tal cual ocurri\u00f3. Sin embargo S\u00e1nchez continuar\u00e1 ligado al proceso mientras dure.<br \/>\nEl Dr. Marcelo Manso hab\u00eda requerido al Juez Prati que quedara detenido pero el magistrado no hizo lugar al pedido. El Fiscal consideraba que abandon\u00f3 el lugar sin auxiliar a las personas accidentadas, por lo que se hab\u00eda fugado de la escena del siniestro.  Sin embargo el Juez consider\u00f3 que no existe riesgo de que el imputado se fugue o entorpezca el normal desenvolvimiento de la causa.<br \/>\nEn su declaraci\u00f3n testimonial S\u00e1nchez hab\u00eda manifestado que aunque tuvo intenciones de volver entr\u00f3 en estado de shock y se fue a su casa. Donde fue encontrado ese mismo domingo, cerca de las 9 hs.<br \/>\nCebe recordar que en ese incidente de tr\u00e1nsito result\u00f3 lesionado Eric Piquet (29), el cual  permanece internado en el Hospital ya en sala com\u00fan y es un testigo fundamental de lo sucedido. <\/p>\n","protected":false},"excerpt":{"rendered":"<p>El Juzgado de Garant\u00edas interviniente en la causa determin\u00f3 finalmente que el profesor de matem\u00e1ticas Jos\u00e9 \u201cTati\u201d S\u00e1nchez (32), imputado por el \u00abhomicidio culposo agravado\u00bb de Sebasti\u00e1n Mi\u00f1o (27), sea puesto en libertad. La car\u00e1tula permite la excarcelaci\u00f3n por lo que era de suponer que con el correr de los d\u00edas se concretara, tal cual [&hellip;]<\/p>\n","protected":false},"author":4,"featured_media":4622,"comment_status":"open","ping_status":"closed","sticky":false,"template":"","format":"standard","meta":{"om_disable_all_campaigns":false,"_jetpack_memberships_contains_paid_content":false,"footnotes":""},"categories":[50,2,103],"tags":[],"class_list":["post-4702","post","type-post","status-publish","format-standard","has-post-thumbnail","hentry","category-destacadas","category-locales","category-policiales-locales"],"aioseo_notices":[],"gutentor_comment":0,"jetpack_featured_media_url":"https:\/\/eldiariodesanpedro.com.ar\/sitio\/wp-content\/uploads\/2016\/05\/PAGINA-3-02-4.jpg","jetpack_shortlink":"https:\/\/wp.me\/p6RhLt-1dQ","jetpack_sharing_enabled":true,"_links":{"self":[{"href":"https:\/\/eldiariodesanpedro.com.ar\/sitio\/wp-json\/wp\/v2\/posts\/4702","targetHints":{"allow":["GET"]}}],"collection":[{"href":"https:\/\/eldiariodesanpedro.com.ar\/sitio\/wp-json\/wp\/v2\/posts"}],"about":[{"href":"https:\/\/eldiariodesanpedro.com.ar\/sitio\/wp-json\/wp\/v2\/types\/post"}],"author":[{"embeddable":true,"href":"https:\/\/eldiariodesanpedro.com.ar\/sitio\/wp-json\/wp\/v2\/users\/4"}],"replies":[{"embeddable":true,"href":"https:\/\/eldiariodesanpedro.com.ar\/sitio\/wp-json\/wp\/v2\/comments?post=4702"}],"version-history":[{"count":1,"href":"https:\/\/eldiariodesanpedro.com.ar\/sitio\/wp-json\/wp\/v2\/posts\/4702\/revisions"}],"predecessor-version":[{"id":4703,"href":"https:\/\/eldiariodesanpedro.com.ar\/sitio\/wp-json\/wp\/v2\/posts\/4702\/revisions\/4703"}],"wp:featuredmedia":[{"embeddable":true,"href":"https:\/\/eldiariodesanpedro.com.ar\/sitio\/wp-json\/wp\/v2\/media\/4622"}],"wp:attachment":[{"href":"https:\/\/eldiariodesanpedro.com.ar\/sitio\/wp-json\/wp\/v2\/media?parent=4702"}],"wp:term":[{"taxonomy":"category","embeddable":true,"href":"https:\/\/eldiariodesanpedro.com.ar\/sitio\/wp-json\/wp\/v2\/categories?post=4702"},{"taxonomy":"post_tag","embeddable":true,"href":"https:\/\/eldiariodesanpedro.com.ar\/sitio\/wp-json\/wp\/v2\/tags?post=4702"}],"curies":[{"name":"wp","href":"https:\/\/api.w.org\/{rel}","templated":true}]}}