{"id":47017,"date":"2019-02-04T10:08:15","date_gmt":"2019-02-04T13:08:15","guid":{"rendered":"https:\/\/eldiariodesanpedro.com.ar\/sitio\/?p=47017"},"modified":"2019-02-04T10:08:31","modified_gmt":"2019-02-04T13:08:31","slug":"zarate-hay-un-detenido-por-la-muerte-de-camila-camino-y-su-familia-sostiene-que-no-se-quito-la-vida","status":"publish","type":"post","link":"https:\/\/eldiariodesanpedro.com.ar\/sitio\/zarate-hay-un-detenido-por-la-muerte-de-camila-camino-y-su-familia-sostiene-que-no-se-quito-la-vida\/","title":{"rendered":"Z\u00c1RATE: Hay un detenido por la muerte de Camila Camino y su familia sostiene que no se quit\u00f3 la vida"},"content":{"rendered":"<!-- VideographyWP Plugin Message: Automatic video embedding prevented by plugin options. -->\n\n<p>Camila Bel\u00e9n Camino, de 20 a\u00f1os de edad, fue hallada sin vida por la ma\u00f1ana entre dos palmeras ubicadas en calle Melillo entre Juan B. Justo y Espa\u00f1a, en Z\u00e1rate.<\/p>\n\n\n\n<p>Seg\u00fan consta en las declaraciones oficiales, un vecino escuch\u00f3 un estruendo cerca de las 5:30hs de este s\u00e1bado, sin percatarse de lo que estaba a punto de producirse. Al mismo tiempo un m\u00f3vil del Comando Patrulla recib\u00eda la novedad por el sistema 911 y se acercaba para constatar el llamado. Ser\u00edan los primeros en encontrarla con un disparo en la cabeza y un arma de fuego del tipo rev\u00f3lver con varias municiones a un costado de su cuerpo.<\/p>\n\n\n\n<p>Durante casi tres horas personal de Polic\u00eda Cient\u00edfica, DDI y Comisar\u00eda recabaron datos de inter\u00e9s para la causa. El m\u00e1s importante surgi\u00f3 de la propia familia, que asegur\u00f3 que Camila no se quit\u00f3 la vida por cuenta propia, y se\u00f1alando como principal sospechoso a su pareja por el hostigamiento a diario que sufr\u00eda la chica.<\/p>\n\n\n\n<p>El muchacho de 25 a\u00f1os llamativamente se hizo presente en el lugar donde ocurri\u00f3 el hecho. Manifest\u00f3 que estaba en la vereda de su casa y vio a Camila gatillarse en reiteradas oportunidades, y aunque trat\u00f3 de evitarlo no pudo. La versi\u00f3n no cerr\u00f3 a los investigadores y decidieron detenerlo para poder indagarlo en profundidad.<\/p>\n\n\n\n<p>Adem\u00e1s los peritos realizaron el dermotest en las manos tanto de la v\u00edctima como del victimario, para establecer quien efectu\u00f3 el disparo a trav\u00e9s de los restos de p\u00f3lvora. Todav\u00eda los resultados no fueron dados a conocer.<\/p>\n\n\n\n<p>La causa est\u00e1 a cargo de la Dra. Fiscal Andrea Palacios, de la UFI N\u00b0 7 Z\u00e1rate \u2013 Campana.<\/p>\n\n\n\n<p>Fuente: <a href=\"http:\/\/www.enlacecritico.com\">Enlace Critico<\/a><\/p>\n","protected":false},"excerpt":{"rendered":"<p>Camila Bel\u00e9n Camino, de 20 a\u00f1os de edad, fue hallada sin vida por la ma\u00f1ana entre dos palmeras ubicadas en calle Melillo entre Juan B. Justo y Espa\u00f1a, en Z\u00e1rate. Seg\u00fan consta en las declaraciones oficiales, un vecino escuch\u00f3 un estruendo cerca de las 5:30hs de este s\u00e1bado, sin percatarse de lo que estaba a [&hellip;]<\/p>\n","protected":false},"author":4,"featured_media":47018,"comment_status":"open","ping_status":"closed","sticky":false,"template":"","format":"standard","meta":{"om_disable_all_campaigns":false,"_jetpack_memberships_contains_paid_content":false,"footnotes":""},"categories":[621],"tags":[],"class_list":["post-47017","post","type-post","status-publish","format-standard","has-post-thumbnail","hentry","category-regionales"],"aioseo_notices":[],"gutentor_comment":0,"jetpack_featured_media_url":"https:\/\/eldiariodesanpedro.com.ar\/sitio\/wp-content\/uploads\/2019\/02\/img_20190202_082851.jpg","jetpack_shortlink":"https:\/\/wp.me\/p6RhLt-cel","jetpack_sharing_enabled":true,"_links":{"self":[{"href":"https:\/\/eldiariodesanpedro.com.ar\/sitio\/wp-json\/wp\/v2\/posts\/47017","targetHints":{"allow":["GET"]}}],"collection":[{"href":"https:\/\/eldiariodesanpedro.com.ar\/sitio\/wp-json\/wp\/v2\/posts"}],"about":[{"href":"https:\/\/eldiariodesanpedro.com.ar\/sitio\/wp-json\/wp\/v2\/types\/post"}],"author":[{"embeddable":true,"href":"https:\/\/eldiariodesanpedro.com.ar\/sitio\/wp-json\/wp\/v2\/users\/4"}],"replies":[{"embeddable":true,"href":"https:\/\/eldiariodesanpedro.com.ar\/sitio\/wp-json\/wp\/v2\/comments?post=47017"}],"version-history":[{"count":1,"href":"https:\/\/eldiariodesanpedro.com.ar\/sitio\/wp-json\/wp\/v2\/posts\/47017\/revisions"}],"predecessor-version":[{"id":47019,"href":"https:\/\/eldiariodesanpedro.com.ar\/sitio\/wp-json\/wp\/v2\/posts\/47017\/revisions\/47019"}],"wp:featuredmedia":[{"embeddable":true,"href":"https:\/\/eldiariodesanpedro.com.ar\/sitio\/wp-json\/wp\/v2\/media\/47018"}],"wp:attachment":[{"href":"https:\/\/eldiariodesanpedro.com.ar\/sitio\/wp-json\/wp\/v2\/media?parent=47017"}],"wp:term":[{"taxonomy":"category","embeddable":true,"href":"https:\/\/eldiariodesanpedro.com.ar\/sitio\/wp-json\/wp\/v2\/categories?post=47017"},{"taxonomy":"post_tag","embeddable":true,"href":"https:\/\/eldiariodesanpedro.com.ar\/sitio\/wp-json\/wp\/v2\/tags?post=47017"}],"curies":[{"name":"wp","href":"https:\/\/api.w.org\/{rel}","templated":true}]}}