{"id":47014,"date":"2019-02-04T12:32:07","date_gmt":"2019-02-04T15:32:07","guid":{"rendered":"https:\/\/eldiariodesanpedro.com.ar\/sitio\/?p=47014"},"modified":"2019-02-04T12:32:58","modified_gmt":"2019-02-04T15:32:58","slug":"la-nina-que-fue-traslada-al-garrahan-espera-una-protesis","status":"publish","type":"post","link":"https:\/\/eldiariodesanpedro.com.ar\/sitio\/la-nina-que-fue-traslada-al-garrahan-espera-una-protesis\/","title":{"rendered":"La ni\u00f1a que fue traslada al Garrahan espera una pr\u00f3tesis"},"content":{"rendered":"<!-- VideographyWP Plugin Message: Automatic video embedding prevented by plugin options. -->\n\n<p>Tras el accidente fatal este sabado por la madruga sobre la Ruta 191, a la altura de la curva de la muerte donde sobrevivieron tres menores de edad y  un hombre mayor falleci\u00f3 en el acto, la ni\u00f1a fue derivada a un centro de mayor complejidad.<\/p>\n\n\n\n<p>\u00abIngresaron por guardia de pediatr\u00eda tres menores con politraumatismos a causa de un accidente fatal, en ese momento se supo que eran hermanitos los tres, el de 9 a\u00f1os estaba con fractura de pelvis y mu\u00f1eca, su hermano mayor con heridas cortantes leves y la mas grave era la ni\u00f1a de 7 a\u00f1os, entro con un cuadro de hemotorax, traumatismo de cr\u00e1neo y varias fracturas en la columna\u00bb contaba Javier Sualdea, Director del Hospital Sub zonal a este medio.<\/p>\n\n\n\n<p>Los menores eran tres hermanitos que viajaban solos con su papa, apellido Conesa, oriundos de Santa Fe, que tuvo su deseso al momento de impactar contra una columna de cemento en la curva de la muerte con su Volkswagen Gol rojo este sabado alrededor de la 1 de la ma\u00f1ana.<\/p>\n\n\n\n<p>\u00abLos ni\u00f1os sobrevivieron de milagro, en el sanatorio se les brindo ademas de la atenci\u00f3n medica,  mucha contenci\u00f3n, estaban acompa\u00f1ados de una profesional en psicolog\u00eda, su mama no estaba, estaban en un lugar que no conoc\u00edan y ademas de todo hab\u00edan perdido a su papa, el ni\u00f1o mas grande quedo atrapado en el auto con el, fue un hecho muy traumatico\u00bb, agregaba Sualdea.<\/p>\n\n\n\n<p>Los ni\u00f1os ya fueron dados de alta, acompa\u00f1ados de un familiar y su mama llego para el traslado de la ni\u00f1a que se encontraba mas grave; \u00abse gestiono el traslado de urgencia a un centro de mayor complejidad para una intervenci\u00f3n quir\u00fargica de urgencia en la columna\u00bb, culmino.<\/p>\n\n\n\n<p>El Secretario de Salud, Guillermo Sancho, tambi\u00e9n dialogo con este medio y nos brindo los detalles de su traslado, \u00abel traslado se consigui\u00f3 r\u00e1pidamente, gracias al helic\u00f3ptero sanitario de provincia, que por cierto es el \u00fanico que hay, no pod\u00edamos trasladarla en una ambulancia por su cuadro delicado, fue traslada al Hospital de Pediatr\u00eda Garrahan, all\u00ed la esperaban para una cirug\u00eda, la ni\u00f1a hoy esta estable y esperan una pr\u00f3tesis para su columna donde tiene una lesi\u00f3n importante en la columna dorsal, espec\u00edficamente, esta contenida por su mama\u00bb, finalizaba la nota.<\/p>\n\n\n\n<p><\/p>\n","protected":false},"excerpt":{"rendered":"<p>Tras el accidente fatal este sabado por la madruga sobre la Ruta 191, a la altura de la curva de la muerte donde sobrevivieron tres menores de edad y un hombre mayor falleci\u00f3 en el acto, la ni\u00f1a fue derivada a un centro de mayor complejidad. \u00abIngresaron por guardia de pediatr\u00eda tres menores con politraumatismos [&hellip;]<\/p>\n","protected":false},"author":4,"featured_media":47024,"comment_status":"open","ping_status":"closed","sticky":false,"template":"","format":"standard","meta":{"om_disable_all_campaigns":false,"_jetpack_memberships_contains_paid_content":false,"footnotes":""},"categories":[50,101,2],"tags":[],"class_list":["post-47014","post","type-post","status-publish","format-standard","has-post-thumbnail","hentry","category-destacadas","category-interes-general-locales","category-locales"],"aioseo_notices":[],"gutentor_comment":0,"jetpack_featured_media_url":"https:\/\/eldiariodesanpedro.com.ar\/sitio\/wp-content\/uploads\/2019\/02\/WhatsApp-Image-2019-02-02-at-11.30.14.jpeg","jetpack_shortlink":"https:\/\/wp.me\/p6RhLt-cei","jetpack_sharing_enabled":true,"_links":{"self":[{"href":"https:\/\/eldiariodesanpedro.com.ar\/sitio\/wp-json\/wp\/v2\/posts\/47014","targetHints":{"allow":["GET"]}}],"collection":[{"href":"https:\/\/eldiariodesanpedro.com.ar\/sitio\/wp-json\/wp\/v2\/posts"}],"about":[{"href":"https:\/\/eldiariodesanpedro.com.ar\/sitio\/wp-json\/wp\/v2\/types\/post"}],"author":[{"embeddable":true,"href":"https:\/\/eldiariodesanpedro.com.ar\/sitio\/wp-json\/wp\/v2\/users\/4"}],"replies":[{"embeddable":true,"href":"https:\/\/eldiariodesanpedro.com.ar\/sitio\/wp-json\/wp\/v2\/comments?post=47014"}],"version-history":[{"count":2,"href":"https:\/\/eldiariodesanpedro.com.ar\/sitio\/wp-json\/wp\/v2\/posts\/47014\/revisions"}],"predecessor-version":[{"id":47026,"href":"https:\/\/eldiariodesanpedro.com.ar\/sitio\/wp-json\/wp\/v2\/posts\/47014\/revisions\/47026"}],"wp:featuredmedia":[{"embeddable":true,"href":"https:\/\/eldiariodesanpedro.com.ar\/sitio\/wp-json\/wp\/v2\/media\/47024"}],"wp:attachment":[{"href":"https:\/\/eldiariodesanpedro.com.ar\/sitio\/wp-json\/wp\/v2\/media?parent=47014"}],"wp:term":[{"taxonomy":"category","embeddable":true,"href":"https:\/\/eldiariodesanpedro.com.ar\/sitio\/wp-json\/wp\/v2\/categories?post=47014"},{"taxonomy":"post_tag","embeddable":true,"href":"https:\/\/eldiariodesanpedro.com.ar\/sitio\/wp-json\/wp\/v2\/tags?post=47014"}],"curies":[{"name":"wp","href":"https:\/\/api.w.org\/{rel}","templated":true}]}}