{"id":47013,"date":"2019-02-04T10:03:09","date_gmt":"2019-02-04T13:03:09","guid":{"rendered":"https:\/\/eldiariodesanpedro.com.ar\/sitio\/?p=47013"},"modified":"2019-02-04T10:03:21","modified_gmt":"2019-02-04T13:03:21","slug":"campana-un-herido-de-arma-blanca-tras-una-pelea-de-reclusos-en-la-unidad-41","status":"publish","type":"post","link":"https:\/\/eldiariodesanpedro.com.ar\/sitio\/campana-un-herido-de-arma-blanca-tras-una-pelea-de-reclusos-en-la-unidad-41\/","title":{"rendered":"CAMPANA: Un herido de arma blanca tras una pelea de reclusos en la Unidad 41"},"content":{"rendered":"<!-- VideographyWP Plugin Message: Automatic video embedding prevented by plugin options. -->\n\n<p>\n\nEl conflicto se origin\u00f3 en el pabell\u00f3n 2, el mismo donde d\u00edas pasados hubo un atrincheramiento de detenidos. Un sujeto fue herido con una faca, y trasladado al Hospital de Z\u00e1rate. Fue dado de alta al d\u00eda siguiente, retornando al Penal.<\/p>\n\n\n\n<p>Dos reclusos de la Unidad 41 protagonizaron una pelea, y uno de ellos fue herido con un arma blanca.<\/p>\n\n\n\n<p>El conflicto tuvo lugar en el pabell\u00f3n 2, sector A de m\u00e1xima seguridad, el mismo donde d\u00edas pasados, tres reclusos se atrincheraron en su celda y amenazaron al personal del servicio penitenciario.<\/p>\n\n\n\n<p>Seg\u00fan fuentes del caso, ambos reclusos se habr\u00edan \u201cdesconocido\u201d, produci\u00e9ndose una pelea en la cual Roberto Cabrera resulta herido, con varias lesiones de distinta consideraci\u00f3n.<\/p>\n\n\n\n<p>El interno fue trasladado primero a la secci\u00f3n sanidad de la Unidad carcelaria, y derivado luago al Hospital Virgen del Carmen de Z\u00e1rate. Cabrera recibi\u00f3 el alta m\u00e9dica al d\u00eda siguiente, retornando al complejo. <\/p>\n\n\n\n<p>Fuente: <a href=\"http:\/\/www.campananoticias.com\">Campana Noticias<\/a><\/p>\n","protected":false},"excerpt":{"rendered":"<p>El conflicto se origin\u00f3 en el pabell\u00f3n 2, el mismo donde d\u00edas pasados hubo un atrincheramiento de detenidos. Un sujeto fue herido con una faca, y trasladado al Hospital de Z\u00e1rate. Fue dado de alta al d\u00eda siguiente, retornando al Penal. Dos reclusos de la Unidad 41 protagonizaron una pelea, y uno de ellos fue [&hellip;]<\/p>\n","protected":false},"author":4,"featured_media":47015,"comment_status":"open","ping_status":"closed","sticky":false,"template":"","format":"standard","meta":{"om_disable_all_campaigns":false,"_jetpack_memberships_contains_paid_content":false,"footnotes":""},"categories":[621],"tags":[],"class_list":["post-47013","post","type-post","status-publish","format-standard","has-post-thumbnail","hentry","category-regionales"],"aioseo_notices":[],"gutentor_comment":0,"jetpack_featured_media_url":"https:\/\/eldiariodesanpedro.com.ar\/sitio\/wp-content\/uploads\/2019\/02\/20190203110752.jpg","jetpack_shortlink":"https:\/\/wp.me\/p6RhLt-ceh","jetpack_sharing_enabled":true,"_links":{"self":[{"href":"https:\/\/eldiariodesanpedro.com.ar\/sitio\/wp-json\/wp\/v2\/posts\/47013","targetHints":{"allow":["GET"]}}],"collection":[{"href":"https:\/\/eldiariodesanpedro.com.ar\/sitio\/wp-json\/wp\/v2\/posts"}],"about":[{"href":"https:\/\/eldiariodesanpedro.com.ar\/sitio\/wp-json\/wp\/v2\/types\/post"}],"author":[{"embeddable":true,"href":"https:\/\/eldiariodesanpedro.com.ar\/sitio\/wp-json\/wp\/v2\/users\/4"}],"replies":[{"embeddable":true,"href":"https:\/\/eldiariodesanpedro.com.ar\/sitio\/wp-json\/wp\/v2\/comments?post=47013"}],"version-history":[{"count":1,"href":"https:\/\/eldiariodesanpedro.com.ar\/sitio\/wp-json\/wp\/v2\/posts\/47013\/revisions"}],"predecessor-version":[{"id":47016,"href":"https:\/\/eldiariodesanpedro.com.ar\/sitio\/wp-json\/wp\/v2\/posts\/47013\/revisions\/47016"}],"wp:featuredmedia":[{"embeddable":true,"href":"https:\/\/eldiariodesanpedro.com.ar\/sitio\/wp-json\/wp\/v2\/media\/47015"}],"wp:attachment":[{"href":"https:\/\/eldiariodesanpedro.com.ar\/sitio\/wp-json\/wp\/v2\/media?parent=47013"}],"wp:term":[{"taxonomy":"category","embeddable":true,"href":"https:\/\/eldiariodesanpedro.com.ar\/sitio\/wp-json\/wp\/v2\/categories?post=47013"},{"taxonomy":"post_tag","embeddable":true,"href":"https:\/\/eldiariodesanpedro.com.ar\/sitio\/wp-json\/wp\/v2\/tags?post=47013"}],"curies":[{"name":"wp","href":"https:\/\/api.w.org\/{rel}","templated":true}]}}