{"id":47006,"date":"2019-02-04T10:00:24","date_gmt":"2019-02-04T13:00:24","guid":{"rendered":"https:\/\/eldiariodesanpedro.com.ar\/sitio\/?p=47006"},"modified":"2019-02-04T10:01:06","modified_gmt":"2019-02-04T13:01:06","slug":"campana-honda-retoma-la-suspension-de-trabajadores-a-fines-de-febrero-en-la-planta-de-campana","status":"publish","type":"post","link":"https:\/\/eldiariodesanpedro.com.ar\/sitio\/campana-honda-retoma-la-suspension-de-trabajadores-a-fines-de-febrero-en-la-planta-de-campana\/","title":{"rendered":"CAMPANA: Honda retoma la suspensi\u00f3n de trabajadores a fines de febrero en la planta de Campana"},"content":{"rendered":"<!-- VideographyWP Plugin Message: Automatic video embedding prevented by plugin options. -->\n\n<p>Es por la ca\u00edda de la demanda. La medida afecta tanto a los trabajadores de la l\u00ednea de autos como de la de motos. Durante la suspensi\u00f3n que ir\u00e1 desde el 25 de febrero hasta el 28 de marzo, los operarios cobrar\u00e1n el 70% de sus salarios.<\/p>\n\n\n\n<p>En el marco de una profunda crisis de mercado, trabajadores de la empresa automotriz Honda comenzar\u00e1n a ser suspendidos a fines de este mes, medida por la que percibir\u00e1n apenas el 70 por ciento de sus sueldos.<\/p>\n\n\n\n<p>Seg\u00fan da cuenta La Aut\u00e9ntica Defensa, la medida empresaria fue acordada con la delegaci\u00f3n regional del gremio Smata, &nbsp;cuyos dirigentes en declaraciones a la prensa justificaron el convenio firmado con la empresa a causa de que el panorama para este 2019 es<em>\u201cpreocupante\u201d<\/em>.<\/p>\n\n\n\n<p><em>\u201cDe nuestra parte siempre buscamos preservar las fuentes de trabajo y en este caso mantenemos un di\u00e1logo fluido con la empresa en funci\u00f3n de ello\u201d<\/em>, asegur\u00f3 el gremialista Diego Yaquemet, aunque nada dijo sobre la actitud complaciente de la c\u00fapula cegetista con el gobierno nacional.<\/p>\n\n\n\n<p>Seg\u00fan anunciaron desde Smata, las suspensiones comenzar\u00e1n a aplicarse a partir del d\u00eda 25 de febrero, hasta el 18 de marzo, en tanto que en las l\u00edneas de producci\u00f3n de autos se retomar\u00e1 reci\u00e9n el 28 de ese mes.<\/p>\n\n\n\n<p><strong>Desplome de las ventas<\/strong><\/p>\n\n\n\n<p>La Aut\u00e9ntica Defensa hab\u00eda dado cuenta del bajo nivel de venta de Honda, lo que hab\u00eda llevado a suspensiones laborales parciales a lo largo del \u00faltimo semestre del 2018.<\/p>\n\n\n\n<p>La crisis se siente con fuerza en especial en la l\u00ednea de motocicletas, efecto de una abrupta ca\u00edda de la demanda: seg\u00fan datos de la Asociaci\u00f3n de Concesionarios de Automotores de la Rep\u00fablica Argentina (ACARA), el patentamiento en diciembre se desplom\u00f3 un 54,5% en relaci\u00f3n al mismo mes de 2017. Apenas se registraron 26.262 motoveh\u00edculos, siendo Honda la marca m\u00e1s comercializada.<\/p>\n\n\n\n<p>Un dato que refleja el estado de situaci\u00f3n fue el crecimiento mostrado en el segmento de los scooters. En el acumulado total de 2018 tuvo un crecimiento interanual del 2,2% y complet\u00f3 el a\u00f1o 2018 con 572.693 unidades, lo que representa un 16,8% menos que el de 2017 que hab\u00eda sido de 688.479.<\/p>\n\n\n\n<p>Las scooter que fueron pensadas para usar en la ciudad y que no cuentan con caja de cambios, son m\u00e1s f\u00e1ciles de conducir, y son mucho m\u00e1s baratas que una moto a la hora del mantenimiento. Adem\u00e1s, el seguro suele ser m\u00e1s econ\u00f3mico que en una moto convencional ya que su uso suele ser mucho menos l\u00fadico y m\u00e1s como medio de transporte. Por \u00faltimo, el consumo medio por kil\u00f3metro de los scooter tambi\u00e9n suele ser inferior. No hay dudas de por qu\u00e9 fue la m\u00e1s vendida.<\/p>\n\n\n\n<p>Fuente: <a href=\"http:\/\/www.enlacecritico.com\">Enlace Critico<\/a><\/p>\n\n\n\n<p><\/p>\n","protected":false},"excerpt":{"rendered":"<p>Es por la ca\u00edda de la demanda. La medida afecta tanto a los trabajadores de la l\u00ednea de autos como de la de motos. Durante la suspensi\u00f3n que ir\u00e1 desde el 25 de febrero hasta el 28 de marzo, los operarios cobrar\u00e1n el 70% de sus salarios. En el marco de una profunda crisis de [&hellip;]<\/p>\n","protected":false},"author":4,"featured_media":47009,"comment_status":"open","ping_status":"closed","sticky":false,"template":"","format":"standard","meta":{"om_disable_all_campaigns":false,"_jetpack_memberships_contains_paid_content":false,"footnotes":""},"categories":[621],"tags":[],"class_list":["post-47006","post","type-post","status-publish","format-standard","has-post-thumbnail","hentry","category-regionales"],"aioseo_notices":[],"gutentor_comment":0,"jetpack_featured_media_url":"https:\/\/eldiariodesanpedro.com.ar\/sitio\/wp-content\/uploads\/2019\/02\/Honda_658x400.jpg","jetpack_shortlink":"https:\/\/wp.me\/p6RhLt-cea","jetpack_sharing_enabled":true,"_links":{"self":[{"href":"https:\/\/eldiariodesanpedro.com.ar\/sitio\/wp-json\/wp\/v2\/posts\/47006","targetHints":{"allow":["GET"]}}],"collection":[{"href":"https:\/\/eldiariodesanpedro.com.ar\/sitio\/wp-json\/wp\/v2\/posts"}],"about":[{"href":"https:\/\/eldiariodesanpedro.com.ar\/sitio\/wp-json\/wp\/v2\/types\/post"}],"author":[{"embeddable":true,"href":"https:\/\/eldiariodesanpedro.com.ar\/sitio\/wp-json\/wp\/v2\/users\/4"}],"replies":[{"embeddable":true,"href":"https:\/\/eldiariodesanpedro.com.ar\/sitio\/wp-json\/wp\/v2\/comments?post=47006"}],"version-history":[{"count":2,"href":"https:\/\/eldiariodesanpedro.com.ar\/sitio\/wp-json\/wp\/v2\/posts\/47006\/revisions"}],"predecessor-version":[{"id":47012,"href":"https:\/\/eldiariodesanpedro.com.ar\/sitio\/wp-json\/wp\/v2\/posts\/47006\/revisions\/47012"}],"wp:featuredmedia":[{"embeddable":true,"href":"https:\/\/eldiariodesanpedro.com.ar\/sitio\/wp-json\/wp\/v2\/media\/47009"}],"wp:attachment":[{"href":"https:\/\/eldiariodesanpedro.com.ar\/sitio\/wp-json\/wp\/v2\/media?parent=47006"}],"wp:term":[{"taxonomy":"category","embeddable":true,"href":"https:\/\/eldiariodesanpedro.com.ar\/sitio\/wp-json\/wp\/v2\/categories?post=47006"},{"taxonomy":"post_tag","embeddable":true,"href":"https:\/\/eldiariodesanpedro.com.ar\/sitio\/wp-json\/wp\/v2\/tags?post=47006"}],"curies":[{"name":"wp","href":"https:\/\/api.w.org\/{rel}","templated":true}]}}