{"id":47001,"date":"2019-02-04T09:58:48","date_gmt":"2019-02-04T12:58:48","guid":{"rendered":"https:\/\/eldiariodesanpedro.com.ar\/sitio\/?p=47001"},"modified":"2019-02-04T09:59:03","modified_gmt":"2019-02-04T12:59:03","slug":"baradero-el-rio-llego-a-los-3-metros-y-el-ganado-huye-de-la-isla","status":"publish","type":"post","link":"https:\/\/eldiariodesanpedro.com.ar\/sitio\/baradero-el-rio-llego-a-los-3-metros-y-el-ganado-huye-de-la-isla\/","title":{"rendered":"BARADERO: El Rio lleg\u00f3 a los 3 metros y el ganado huye de la isla"},"content":{"rendered":"<!-- VideographyWP Plugin Message: Automatic video embedding prevented by plugin options. -->\n\n<p> La costa est\u00e1 desdibujada, bajo agua. El agua avanz\u00f3 a\u00fan m\u00e1s y afect\u00f3 a los clubes. Prefectura recomienda navegar con velocidad \u201cm\u00ednima\u201d. La Prefectura de Baradero informa a la comunidad y especialmente a los navegantes y pescadores, que a ra\u00edz de la actual creciente que est\u00e1 atravesando el R\u00edo Baradero, se pone en ejecuci\u00f3n la Fase de Alerta del \u201cPlan de inundaciones\u201d. Por lo cual se recomienda navegar con la velocidad m\u00ednima compatible con el buen gobierno de su embarcaci\u00f3n a efectos de no producir oleajes y adoptar medidas de seguridad necesarias (uso de chalecos salvavidas, pala bichero, linterna de mano y la documentaci\u00f3n correspondiente a bordo , carnet de timonel, certificado de matr\u00edcula). Del mismo modo se le recomienda a la poblaci\u00f3n en general, que se encuentre en inmediaciones a la zona costera, tomar todos recaudos necesarios para evitar cualquier tipo de accidentes, debido a la debilitaci\u00f3n que va sufriendo la costa. <\/p>\n\n\n\n<p> Los p\u00e1rrafos precedentes corresponden a la recomendaci\u00f3n de la Prefectura Baradero, firmada por el subprefecto Jorge Emanuel Montenegro. Son en consonancia con la creciente del Paran\u00e1 que afecta al rio Baradero. La costa est\u00e1 cada vez m\u00e1s desbordada, en las zonas ribere\u00f1as de los clubes, el agua avanza, la famosa \u201cvuelta brava\u201d est\u00e1 desdibujada; el agua empez\u00f3 a tapar la costa. En la zona de la isla la suba del Paran\u00e1 se sinti\u00f3 con anterioridad a la costa local, por los desniveles que tiene el terreno. Arrear el ganado fue una de las tareas m\u00e1s reiteradas en estas \u00faltimas semanas. Ya sean buscando terrenos m\u00e1s altos o directamente cruzando el r\u00edo para que la vacas y caballos est\u00e9n en el continente. As\u00ed, se pudo divisar no s\u00f3lo a los arrieros y a las vacas en la isla, sino tambi\u00e9n el ganado, que permaneci\u00f3 en la parte continental, en inmediaciones de la rotonda de la ruta 41. Los vecinos de la costa deben adoptar las medidas necesarias ante la inundaci\u00f3n porque trae aparejado la proliferaci\u00f3n de mosquitos y otros insectos; la presencia de roedores y v\u00edboras. <\/p>\n\n\n\n<p>Con respecto a la altura del r\u00edo Baradero, una vez que super\u00f3 el nivel de alerta (2,70), tuvo un crecimiento hasta llegar a los tres metros de altura. A los 3,10 mts es el nivel de evacuaci\u00f3n. Los puertos que s\u00ed entraron en evacuaci\u00f3n son: Puerto Ru\u00edz (Rio Gualeguay), Concepci\u00f3n del Uruguay; Paranacito y Boca Gualeguaych\u00fa. Y la tendencia \u201ccreciendo\u201d se registra en los puertos de Rosario y San Nicol\u00e1s; aguas arriba de Baradero.<\/p>\n\n\n\n<p>Fuente: La Aut\u00e9ntica Opini\u00f3n.<\/p>\n","protected":false},"excerpt":{"rendered":"<p>La costa est\u00e1 desdibujada, bajo agua. El agua avanz\u00f3 a\u00fan m\u00e1s y afect\u00f3 a los clubes. Prefectura recomienda navegar con velocidad \u201cm\u00ednima\u201d. La Prefectura de Baradero informa a la comunidad y especialmente a los navegantes y pescadores, que a ra\u00edz de la actual creciente que est\u00e1 atravesando el R\u00edo Baradero, se pone en ejecuci\u00f3n la [&hellip;]<\/p>\n","protected":false},"author":4,"featured_media":47004,"comment_status":"open","ping_status":"closed","sticky":false,"template":"","format":"standard","meta":{"om_disable_all_campaigns":false,"_jetpack_memberships_contains_paid_content":false,"footnotes":""},"categories":[621],"tags":[],"class_list":["post-47001","post","type-post","status-publish","format-standard","has-post-thumbnail","hentry","category-regionales"],"aioseo_notices":[],"gutentor_comment":0,"jetpack_featured_media_url":"https:\/\/eldiariodesanpedro.com.ar\/sitio\/wp-content\/uploads\/2019\/02\/IMG_1509_800x533.jpg","jetpack_shortlink":"https:\/\/wp.me\/p6RhLt-ce5","jetpack_sharing_enabled":true,"_links":{"self":[{"href":"https:\/\/eldiariodesanpedro.com.ar\/sitio\/wp-json\/wp\/v2\/posts\/47001","targetHints":{"allow":["GET"]}}],"collection":[{"href":"https:\/\/eldiariodesanpedro.com.ar\/sitio\/wp-json\/wp\/v2\/posts"}],"about":[{"href":"https:\/\/eldiariodesanpedro.com.ar\/sitio\/wp-json\/wp\/v2\/types\/post"}],"author":[{"embeddable":true,"href":"https:\/\/eldiariodesanpedro.com.ar\/sitio\/wp-json\/wp\/v2\/users\/4"}],"replies":[{"embeddable":true,"href":"https:\/\/eldiariodesanpedro.com.ar\/sitio\/wp-json\/wp\/v2\/comments?post=47001"}],"version-history":[{"count":1,"href":"https:\/\/eldiariodesanpedro.com.ar\/sitio\/wp-json\/wp\/v2\/posts\/47001\/revisions"}],"predecessor-version":[{"id":47005,"href":"https:\/\/eldiariodesanpedro.com.ar\/sitio\/wp-json\/wp\/v2\/posts\/47001\/revisions\/47005"}],"wp:featuredmedia":[{"embeddable":true,"href":"https:\/\/eldiariodesanpedro.com.ar\/sitio\/wp-json\/wp\/v2\/media\/47004"}],"wp:attachment":[{"href":"https:\/\/eldiariodesanpedro.com.ar\/sitio\/wp-json\/wp\/v2\/media?parent=47001"}],"wp:term":[{"taxonomy":"category","embeddable":true,"href":"https:\/\/eldiariodesanpedro.com.ar\/sitio\/wp-json\/wp\/v2\/categories?post=47001"},{"taxonomy":"post_tag","embeddable":true,"href":"https:\/\/eldiariodesanpedro.com.ar\/sitio\/wp-json\/wp\/v2\/tags?post=47001"}],"curies":[{"name":"wp","href":"https:\/\/api.w.org\/{rel}","templated":true}]}}