{"id":46993,"date":"2019-02-04T09:29:01","date_gmt":"2019-02-04T12:29:01","guid":{"rendered":"https:\/\/eldiariodesanpedro.com.ar\/sitio\/?p=46993"},"modified":"2019-02-04T09:59:41","modified_gmt":"2019-02-04T12:59:41","slug":"la-vuelta-de-la-fiesta-del-durazno-se-desarrollo-con-exito","status":"publish","type":"post","link":"https:\/\/eldiariodesanpedro.com.ar\/sitio\/la-vuelta-de-la-fiesta-del-durazno-se-desarrollo-con-exito\/","title":{"rendered":"La vuelta de la Fiesta del Durazno se desarrollo con \u00e9xito"},"content":{"rendered":"<!-- VideographyWP Plugin Message: Automatic video embedding prevented by plugin options. -->\n\n<p> La 20\u00ba Fiesta provincial del Durazno y la Producci\u00f3n&nbsp; que tuvo lugar este sabado 2 y domingo 3 del corriente mes tuvo gran participaci\u00f3n de la gente del pueblo y de los ciudadanos de San Pedro. Fue de gran \u00e9xito su apertura y los dos d\u00edas brillaron artistas en el escenario. <\/p>\n\n\n\n<p> <br>En el predio de Agricultores Club, el pueblo volvio a sentir su musica.<\/p>\n\n\n\n<p> La primera jornada fue considerada como \u00abexitosa\u00bb por parte de los organizadores. Los\/as vecinos\/as de la localidad se mostraron m\u00e1s que orgullosos\/as de retomar esta tradici\u00f3n. <\/p>\n\n\n\n<figure class=\"wp-block-image\"><img decoding=\"async\" width=\"494\" height=\"356\" data-attachment-id=\"47003\" data-permalink=\"https:\/\/eldiariodesanpedro.com.ar\/sitio\/la-vuelta-de-la-fiesta-del-durazno-se-desarrollo-con-exito\/51668614_468401470363493_4237425952688177152_n\/\" data-orig-file=\"https:\/\/eldiariodesanpedro.com.ar\/sitio\/wp-content\/uploads\/2019\/02\/51668614_468401470363493_4237425952688177152_n.jpg\" data-orig-size=\"494,356\" data-comments-opened=\"1\" data-image-meta=\"{&quot;aperture&quot;:&quot;0&quot;,&quot;credit&quot;:&quot;&quot;,&quot;camera&quot;:&quot;&quot;,&quot;caption&quot;:&quot;&quot;,&quot;created_timestamp&quot;:&quot;0&quot;,&quot;copyright&quot;:&quot;&quot;,&quot;focal_length&quot;:&quot;0&quot;,&quot;iso&quot;:&quot;0&quot;,&quot;shutter_speed&quot;:&quot;0&quot;,&quot;title&quot;:&quot;&quot;,&quot;orientation&quot;:&quot;0&quot;}\" data-image-title=\"51668614_468401470363493_4237425952688177152_n\" data-image-description=\"\" data-image-caption=\"\" data-large-file=\"https:\/\/eldiariodesanpedro.com.ar\/sitio\/wp-content\/uploads\/2019\/02\/51668614_468401470363493_4237425952688177152_n.jpg\" data-src=\"https:\/\/eldiariodesanpedro.com.ar\/sitio\/wp-content\/uploads\/2019\/02\/51668614_468401470363493_4237425952688177152_n.jpg\" alt=\"\" class=\"wp-image-47003 lazyload\" data-srcset=\"https:\/\/eldiariodesanpedro.com.ar\/sitio\/wp-content\/uploads\/2019\/02\/51668614_468401470363493_4237425952688177152_n.jpg 494w, https:\/\/eldiariodesanpedro.com.ar\/sitio\/wp-content\/uploads\/2019\/02\/51668614_468401470363493_4237425952688177152_n-300x216.jpg 300w\" data-sizes=\"(max-width: 494px) 100vw, 494px\" src=\"data:image\/svg+xml;base64,PHN2ZyB3aWR0aD0iMSIgaGVpZ2h0PSIxIiB4bWxucz0iaHR0cDovL3d3dy53My5vcmcvMjAwMC9zdmciPjwvc3ZnPg==\" style=\"--smush-placeholder-width: 494px; --smush-placeholder-aspect-ratio: 494\/356;\" \/><\/figure>\n\n\n\n<p> Los Bomberos Voluntarios de Gobernador Castro se dedicaron a darle color y distinci\u00f3n a la Fiesta del Durazno. En la mitad del predio de Agricultores Club construyeron una fuente de agua con iluminaci\u00f3n, donde los asistentes se tomaron fotograf\u00edas. <\/p>\n\n\n\n<figure class=\"wp-block-image\"><img decoding=\"async\" width=\"720\" height=\"719\" data-attachment-id=\"47002\" data-permalink=\"https:\/\/eldiariodesanpedro.com.ar\/sitio\/la-vuelta-de-la-fiesta-del-durazno-se-desarrollo-con-exito\/51525115_468619023675071_6539015943551451136_n\/\" data-orig-file=\"https:\/\/eldiariodesanpedro.com.ar\/sitio\/wp-content\/uploads\/2019\/02\/51525115_468619023675071_6539015943551451136_n.jpg\" data-orig-size=\"720,719\" data-comments-opened=\"1\" data-image-meta=\"{&quot;aperture&quot;:&quot;0&quot;,&quot;credit&quot;:&quot;&quot;,&quot;camera&quot;:&quot;&quot;,&quot;caption&quot;:&quot;&quot;,&quot;created_timestamp&quot;:&quot;0&quot;,&quot;copyright&quot;:&quot;&quot;,&quot;focal_length&quot;:&quot;0&quot;,&quot;iso&quot;:&quot;0&quot;,&quot;shutter_speed&quot;:&quot;0&quot;,&quot;title&quot;:&quot;&quot;,&quot;orientation&quot;:&quot;0&quot;}\" data-image-title=\"51525115_468619023675071_6539015943551451136_n\" data-image-description=\"\" data-image-caption=\"\" data-large-file=\"https:\/\/eldiariodesanpedro.com.ar\/sitio\/wp-content\/uploads\/2019\/02\/51525115_468619023675071_6539015943551451136_n.jpg\" data-src=\"https:\/\/eldiariodesanpedro.com.ar\/sitio\/wp-content\/uploads\/2019\/02\/51525115_468619023675071_6539015943551451136_n.jpg\" alt=\"\" class=\"wp-image-47002 lazyload\" data-srcset=\"https:\/\/eldiariodesanpedro.com.ar\/sitio\/wp-content\/uploads\/2019\/02\/51525115_468619023675071_6539015943551451136_n.jpg 720w, https:\/\/eldiariodesanpedro.com.ar\/sitio\/wp-content\/uploads\/2019\/02\/51525115_468619023675071_6539015943551451136_n-150x150.jpg 150w, https:\/\/eldiariodesanpedro.com.ar\/sitio\/wp-content\/uploads\/2019\/02\/51525115_468619023675071_6539015943551451136_n-300x300.jpg 300w\" data-sizes=\"(max-width: 720px) 100vw, 720px\" src=\"data:image\/svg+xml;base64,PHN2ZyB3aWR0aD0iMSIgaGVpZ2h0PSIxIiB4bWxucz0iaHR0cDovL3d3dy53My5vcmcvMjAwMC9zdmciPjwvc3ZnPg==\" style=\"--smush-placeholder-width: 720px; --smush-placeholder-aspect-ratio: 720\/719;\" \/><\/figure>\n\n\n\n<p>El ballet Florcita de Cedr\u00f3n,  quien tenia como Director a Luis Maria Rodriguez, tuvo un momento muy emocionante arriba del escenario al bailar su mama y recordar su trabajo .<\/p>\n\n\n\n<figure class=\"wp-block-image\"><img decoding=\"async\" width=\"960\" height=\"720\" data-attachment-id=\"46994\" data-permalink=\"https:\/\/eldiariodesanpedro.com.ar\/sitio\/la-vuelta-de-la-fiesta-del-durazno-se-desarrollo-con-exito\/51640729_2063590273731183_6607424748123062272_n\/\" data-orig-file=\"https:\/\/eldiariodesanpedro.com.ar\/sitio\/wp-content\/uploads\/2019\/02\/51640729_2063590273731183_6607424748123062272_n.jpg\" data-orig-size=\"960,720\" data-comments-opened=\"1\" data-image-meta=\"{&quot;aperture&quot;:&quot;0&quot;,&quot;credit&quot;:&quot;&quot;,&quot;camera&quot;:&quot;&quot;,&quot;caption&quot;:&quot;&quot;,&quot;created_timestamp&quot;:&quot;0&quot;,&quot;copyright&quot;:&quot;&quot;,&quot;focal_length&quot;:&quot;0&quot;,&quot;iso&quot;:&quot;0&quot;,&quot;shutter_speed&quot;:&quot;0&quot;,&quot;title&quot;:&quot;&quot;,&quot;orientation&quot;:&quot;0&quot;}\" data-image-title=\"51640729_2063590273731183_6607424748123062272_n\" data-image-description=\"\" data-image-caption=\"\" data-large-file=\"https:\/\/eldiariodesanpedro.com.ar\/sitio\/wp-content\/uploads\/2019\/02\/51640729_2063590273731183_6607424748123062272_n.jpg\" data-src=\"https:\/\/eldiariodesanpedro.com.ar\/sitio\/wp-content\/uploads\/2019\/02\/51640729_2063590273731183_6607424748123062272_n.jpg\" alt=\"\" class=\"wp-image-46994 lazyload\" data-srcset=\"https:\/\/eldiariodesanpedro.com.ar\/sitio\/wp-content\/uploads\/2019\/02\/51640729_2063590273731183_6607424748123062272_n.jpg 960w, https:\/\/eldiariodesanpedro.com.ar\/sitio\/wp-content\/uploads\/2019\/02\/51640729_2063590273731183_6607424748123062272_n-300x225.jpg 300w, https:\/\/eldiariodesanpedro.com.ar\/sitio\/wp-content\/uploads\/2019\/02\/51640729_2063590273731183_6607424748123062272_n-768x576.jpg 768w\" data-sizes=\"(max-width: 960px) 100vw, 960px\" src=\"data:image\/svg+xml;base64,PHN2ZyB3aWR0aD0iMSIgaGVpZ2h0PSIxIiB4bWxucz0iaHR0cDovL3d3dy53My5vcmcvMjAwMC9zdmciPjwvc3ZnPg==\" style=\"--smush-placeholder-width: 960px; --smush-placeholder-aspect-ratio: 960\/720;\" \/><\/figure>\n\n\n\n<p>La grilla de artistas cerro a cargo del Gordo Luis con gran participaci\u00f3n del publico que se quedo hasta el final a pesar del fri\u00f3.<\/p>\n\n\n\n<p>La segunda Jornada fue con la elecci\u00f3n de la Reina del Durazno y con<br>Los Campedrinos, con un cierre a pura fiesta.\u00a0 <\/p>\n\n\n\n<figure class=\"wp-block-image\"><img decoding=\"async\" width=\"524\" height=\"655\" data-attachment-id=\"47007\" data-permalink=\"https:\/\/eldiariodesanpedro.com.ar\/sitio\/la-vuelta-de-la-fiesta-del-durazno-se-desarrollo-con-exito\/51716689_468622610341379_1729646341564399616_n\/\" data-orig-file=\"https:\/\/eldiariodesanpedro.com.ar\/sitio\/wp-content\/uploads\/2019\/02\/51716689_468622610341379_1729646341564399616_n.jpg\" data-orig-size=\"524,655\" data-comments-opened=\"1\" data-image-meta=\"{&quot;aperture&quot;:&quot;0&quot;,&quot;credit&quot;:&quot;&quot;,&quot;camera&quot;:&quot;&quot;,&quot;caption&quot;:&quot;&quot;,&quot;created_timestamp&quot;:&quot;0&quot;,&quot;copyright&quot;:&quot;&quot;,&quot;focal_length&quot;:&quot;0&quot;,&quot;iso&quot;:&quot;0&quot;,&quot;shutter_speed&quot;:&quot;0&quot;,&quot;title&quot;:&quot;&quot;,&quot;orientation&quot;:&quot;0&quot;}\" data-image-title=\"51716689_468622610341379_1729646341564399616_n\" data-image-description=\"\" data-image-caption=\"\" data-large-file=\"https:\/\/eldiariodesanpedro.com.ar\/sitio\/wp-content\/uploads\/2019\/02\/51716689_468622610341379_1729646341564399616_n.jpg\" data-src=\"https:\/\/eldiariodesanpedro.com.ar\/sitio\/wp-content\/uploads\/2019\/02\/51716689_468622610341379_1729646341564399616_n.jpg\" alt=\"\" class=\"wp-image-47007 lazyload\" data-srcset=\"https:\/\/eldiariodesanpedro.com.ar\/sitio\/wp-content\/uploads\/2019\/02\/51716689_468622610341379_1729646341564399616_n.jpg 524w, https:\/\/eldiariodesanpedro.com.ar\/sitio\/wp-content\/uploads\/2019\/02\/51716689_468622610341379_1729646341564399616_n-240x300.jpg 240w\" data-sizes=\"(max-width: 524px) 100vw, 524px\" src=\"data:image\/svg+xml;base64,PHN2ZyB3aWR0aD0iMSIgaGVpZ2h0PSIxIiB4bWxucz0iaHR0cDovL3d3dy53My5vcmcvMjAwMC9zdmciPjwvc3ZnPg==\" style=\"--smush-placeholder-width: 524px; --smush-placeholder-aspect-ratio: 524\/655;\" \/><figcaption> <br>Reina del Durazno y la Producci\u00f3n Paula Pascual\u00a0 <\/figcaption><\/figure>\n\n\n\n<p>Desde el Municipio agradecieron el trabajo  incansable de la Direcci\u00f3n de Turismo a cargo de Macela Cu\u00f1er, quien organiza otras Fiestas como la Naranja, a la Directora de Cultura Mar\u00eda Jos\u00e9 Mora, quienes arman la grilla de artistas y organizan el funcionamiento de la fiesta, tambi\u00e9n al grupo de colaboradores municipales a disposici\u00f3n del trabajo mancomunado y a la Comisi\u00f3n Organizadora de la Fiesta del Durazno de la localidad de Gobernador Castro que trabajaron  para volver a tener la fiesta que siempre caracteriz\u00f3 a su pueblo. <\/p>\n\n\n\n<ul class=\"wp-block-gallery columns-3 is-cropped wp-block-gallery-1 is-layout-flex wp-block-gallery-is-layout-flex\"><li class=\"blocks-gallery-item\"><figure><img decoding=\"async\" width=\"960\" height=\"955\" data-attachment-id=\"46995\" data-permalink=\"https:\/\/eldiariodesanpedro.com.ar\/sitio\/la-vuelta-de-la-fiesta-del-durazno-se-desarrollo-con-exito\/51141370_2092291107532220_5662977992536621056_n\/\" data-orig-file=\"https:\/\/eldiariodesanpedro.com.ar\/sitio\/wp-content\/uploads\/2019\/02\/51141370_2092291107532220_5662977992536621056_n.jpg\" data-orig-size=\"960,955\" data-comments-opened=\"1\" data-image-meta=\"{&quot;aperture&quot;:&quot;0&quot;,&quot;credit&quot;:&quot;&quot;,&quot;camera&quot;:&quot;&quot;,&quot;caption&quot;:&quot;&quot;,&quot;created_timestamp&quot;:&quot;0&quot;,&quot;copyright&quot;:&quot;&quot;,&quot;focal_length&quot;:&quot;0&quot;,&quot;iso&quot;:&quot;0&quot;,&quot;shutter_speed&quot;:&quot;0&quot;,&quot;title&quot;:&quot;&quot;,&quot;orientation&quot;:&quot;0&quot;}\" data-image-title=\"51141370_2092291107532220_5662977992536621056_n\" data-image-description=\"\" data-image-caption=\"\" data-large-file=\"https:\/\/eldiariodesanpedro.com.ar\/sitio\/wp-content\/uploads\/2019\/02\/51141370_2092291107532220_5662977992536621056_n.jpg\" data-src=\"https:\/\/eldiariodesanpedro.com.ar\/sitio\/wp-content\/uploads\/2019\/02\/51141370_2092291107532220_5662977992536621056_n.jpg\" alt=\"\" data-id=\"46995\" data-link=\"https:\/\/eldiariodesanpedro.com.ar\/sitio\/?attachment_id=46995\" class=\"wp-image-46995 lazyload\" data-srcset=\"https:\/\/eldiariodesanpedro.com.ar\/sitio\/wp-content\/uploads\/2019\/02\/51141370_2092291107532220_5662977992536621056_n.jpg 960w, https:\/\/eldiariodesanpedro.com.ar\/sitio\/wp-content\/uploads\/2019\/02\/51141370_2092291107532220_5662977992536621056_n-150x150.jpg 150w, https:\/\/eldiariodesanpedro.com.ar\/sitio\/wp-content\/uploads\/2019\/02\/51141370_2092291107532220_5662977992536621056_n-300x298.jpg 300w, https:\/\/eldiariodesanpedro.com.ar\/sitio\/wp-content\/uploads\/2019\/02\/51141370_2092291107532220_5662977992536621056_n-768x764.jpg 768w\" data-sizes=\"(max-width: 960px) 100vw, 960px\" src=\"data:image\/svg+xml;base64,PHN2ZyB3aWR0aD0iMSIgaGVpZ2h0PSIxIiB4bWxucz0iaHR0cDovL3d3dy53My5vcmcvMjAwMC9zdmciPjwvc3ZnPg==\" style=\"--smush-placeholder-width: 960px; --smush-placeholder-aspect-ratio: 960\/955;\" \/><\/figure><\/li><li class=\"blocks-gallery-item\"><figure><img decoding=\"async\" width=\"960\" height=\"720\" data-attachment-id=\"46996\" data-permalink=\"https:\/\/eldiariodesanpedro.com.ar\/sitio\/la-vuelta-de-la-fiesta-del-durazno-se-desarrollo-con-exito\/51308560_10216559780139919_5321387767333126144_n\/\" data-orig-file=\"https:\/\/eldiariodesanpedro.com.ar\/sitio\/wp-content\/uploads\/2019\/02\/51308560_10216559780139919_5321387767333126144_n.jpg\" data-orig-size=\"960,720\" data-comments-opened=\"1\" data-image-meta=\"{&quot;aperture&quot;:&quot;0&quot;,&quot;credit&quot;:&quot;&quot;,&quot;camera&quot;:&quot;&quot;,&quot;caption&quot;:&quot;&quot;,&quot;created_timestamp&quot;:&quot;0&quot;,&quot;copyright&quot;:&quot;&quot;,&quot;focal_length&quot;:&quot;0&quot;,&quot;iso&quot;:&quot;0&quot;,&quot;shutter_speed&quot;:&quot;0&quot;,&quot;title&quot;:&quot;&quot;,&quot;orientation&quot;:&quot;0&quot;}\" data-image-title=\"51308560_10216559780139919_5321387767333126144_n\" data-image-description=\"\" data-image-caption=\"\" data-large-file=\"https:\/\/eldiariodesanpedro.com.ar\/sitio\/wp-content\/uploads\/2019\/02\/51308560_10216559780139919_5321387767333126144_n.jpg\" data-src=\"https:\/\/eldiariodesanpedro.com.ar\/sitio\/wp-content\/uploads\/2019\/02\/51308560_10216559780139919_5321387767333126144_n.jpg\" alt=\"\" data-id=\"46996\" data-link=\"https:\/\/eldiariodesanpedro.com.ar\/sitio\/?attachment_id=46996\" class=\"wp-image-46996 lazyload\" data-srcset=\"https:\/\/eldiariodesanpedro.com.ar\/sitio\/wp-content\/uploads\/2019\/02\/51308560_10216559780139919_5321387767333126144_n.jpg 960w, https:\/\/eldiariodesanpedro.com.ar\/sitio\/wp-content\/uploads\/2019\/02\/51308560_10216559780139919_5321387767333126144_n-300x225.jpg 300w, https:\/\/eldiariodesanpedro.com.ar\/sitio\/wp-content\/uploads\/2019\/02\/51308560_10216559780139919_5321387767333126144_n-768x576.jpg 768w\" data-sizes=\"(max-width: 960px) 100vw, 960px\" src=\"data:image\/svg+xml;base64,PHN2ZyB3aWR0aD0iMSIgaGVpZ2h0PSIxIiB4bWxucz0iaHR0cDovL3d3dy53My5vcmcvMjAwMC9zdmciPjwvc3ZnPg==\" style=\"--smush-placeholder-width: 960px; --smush-placeholder-aspect-ratio: 960\/720;\" \/><\/figure><\/li><li class=\"blocks-gallery-item\"><figure><img decoding=\"async\" width=\"960\" height=\"960\" data-attachment-id=\"46997\" data-permalink=\"https:\/\/eldiariodesanpedro.com.ar\/sitio\/la-vuelta-de-la-fiesta-del-durazno-se-desarrollo-con-exito\/51675481_2092290754198922_5509075617670234112_n\/\" data-orig-file=\"https:\/\/eldiariodesanpedro.com.ar\/sitio\/wp-content\/uploads\/2019\/02\/51675481_2092290754198922_5509075617670234112_n.jpg\" data-orig-size=\"960,960\" data-comments-opened=\"1\" data-image-meta=\"{&quot;aperture&quot;:&quot;0&quot;,&quot;credit&quot;:&quot;&quot;,&quot;camera&quot;:&quot;&quot;,&quot;caption&quot;:&quot;&quot;,&quot;created_timestamp&quot;:&quot;0&quot;,&quot;copyright&quot;:&quot;&quot;,&quot;focal_length&quot;:&quot;0&quot;,&quot;iso&quot;:&quot;0&quot;,&quot;shutter_speed&quot;:&quot;0&quot;,&quot;title&quot;:&quot;&quot;,&quot;orientation&quot;:&quot;0&quot;}\" data-image-title=\"51675481_2092290754198922_5509075617670234112_n\" data-image-description=\"\" data-image-caption=\"\" data-large-file=\"https:\/\/eldiariodesanpedro.com.ar\/sitio\/wp-content\/uploads\/2019\/02\/51675481_2092290754198922_5509075617670234112_n.jpg\" data-src=\"https:\/\/eldiariodesanpedro.com.ar\/sitio\/wp-content\/uploads\/2019\/02\/51675481_2092290754198922_5509075617670234112_n.jpg\" alt=\"\" data-id=\"46997\" data-link=\"https:\/\/eldiariodesanpedro.com.ar\/sitio\/?attachment_id=46997\" class=\"wp-image-46997 lazyload\" data-srcset=\"https:\/\/eldiariodesanpedro.com.ar\/sitio\/wp-content\/uploads\/2019\/02\/51675481_2092290754198922_5509075617670234112_n.jpg 960w, https:\/\/eldiariodesanpedro.com.ar\/sitio\/wp-content\/uploads\/2019\/02\/51675481_2092290754198922_5509075617670234112_n-150x150.jpg 150w, https:\/\/eldiariodesanpedro.com.ar\/sitio\/wp-content\/uploads\/2019\/02\/51675481_2092290754198922_5509075617670234112_n-300x300.jpg 300w, https:\/\/eldiariodesanpedro.com.ar\/sitio\/wp-content\/uploads\/2019\/02\/51675481_2092290754198922_5509075617670234112_n-768x768.jpg 768w\" data-sizes=\"(max-width: 960px) 100vw, 960px\" src=\"data:image\/svg+xml;base64,PHN2ZyB3aWR0aD0iMSIgaGVpZ2h0PSIxIiB4bWxucz0iaHR0cDovL3d3dy53My5vcmcvMjAwMC9zdmciPjwvc3ZnPg==\" style=\"--smush-placeholder-width: 960px; --smush-placeholder-aspect-ratio: 960\/960;\" \/><\/figure><\/li><li class=\"blocks-gallery-item\"><figure><img decoding=\"async\" width=\"960\" height=\"720\" data-attachment-id=\"46998\" data-permalink=\"https:\/\/eldiariodesanpedro.com.ar\/sitio\/la-vuelta-de-la-fiesta-del-durazno-se-desarrollo-con-exito\/51716766_2090675554360442_3925300169502883840_n-2\/\" data-orig-file=\"https:\/\/eldiariodesanpedro.com.ar\/sitio\/wp-content\/uploads\/2019\/02\/51716766_2090675554360442_3925300169502883840_n-1.jpg\" data-orig-size=\"960,720\" data-comments-opened=\"1\" data-image-meta=\"{&quot;aperture&quot;:&quot;0&quot;,&quot;credit&quot;:&quot;&quot;,&quot;camera&quot;:&quot;&quot;,&quot;caption&quot;:&quot;&quot;,&quot;created_timestamp&quot;:&quot;0&quot;,&quot;copyright&quot;:&quot;&quot;,&quot;focal_length&quot;:&quot;0&quot;,&quot;iso&quot;:&quot;0&quot;,&quot;shutter_speed&quot;:&quot;0&quot;,&quot;title&quot;:&quot;&quot;,&quot;orientation&quot;:&quot;0&quot;}\" data-image-title=\"51716766_2090675554360442_3925300169502883840_n\" data-image-description=\"\" data-image-caption=\"\" data-large-file=\"https:\/\/eldiariodesanpedro.com.ar\/sitio\/wp-content\/uploads\/2019\/02\/51716766_2090675554360442_3925300169502883840_n-1.jpg\" data-src=\"https:\/\/eldiariodesanpedro.com.ar\/sitio\/wp-content\/uploads\/2019\/02\/51716766_2090675554360442_3925300169502883840_n-1.jpg\" alt=\"\" data-id=\"46998\" data-link=\"https:\/\/eldiariodesanpedro.com.ar\/sitio\/?attachment_id=46998\" class=\"wp-image-46998 lazyload\" data-srcset=\"https:\/\/eldiariodesanpedro.com.ar\/sitio\/wp-content\/uploads\/2019\/02\/51716766_2090675554360442_3925300169502883840_n-1.jpg 960w, https:\/\/eldiariodesanpedro.com.ar\/sitio\/wp-content\/uploads\/2019\/02\/51716766_2090675554360442_3925300169502883840_n-1-300x225.jpg 300w, https:\/\/eldiariodesanpedro.com.ar\/sitio\/wp-content\/uploads\/2019\/02\/51716766_2090675554360442_3925300169502883840_n-1-768x576.jpg 768w\" data-sizes=\"(max-width: 960px) 100vw, 960px\" src=\"data:image\/svg+xml;base64,PHN2ZyB3aWR0aD0iMSIgaGVpZ2h0PSIxIiB4bWxucz0iaHR0cDovL3d3dy53My5vcmcvMjAwMC9zdmciPjwvc3ZnPg==\" style=\"--smush-placeholder-width: 960px; --smush-placeholder-aspect-ratio: 960\/720;\" \/><\/figure><\/li><\/ul>\n\n\n\n<p><\/p>\n\n\n\n<p><\/p>\n\n\n\n<p><\/p>\n","protected":false},"excerpt":{"rendered":"<p>La 20\u00ba Fiesta provincial del Durazno y la Producci\u00f3n&nbsp; que tuvo lugar este sabado 2 y domingo 3 del corriente mes tuvo gran participaci\u00f3n de la gente del pueblo y de los ciudadanos de San Pedro. Fue de gran \u00e9xito su apertura y los dos d\u00edas brillaron artistas en el escenario. En el predio de [&hellip;]<\/p>\n","protected":false},"author":4,"featured_media":46997,"comment_status":"open","ping_status":"closed","sticky":false,"template":"","format":"standard","meta":{"om_disable_all_campaigns":false,"_jetpack_memberships_contains_paid_content":false,"footnotes":""},"categories":[50,101,2],"tags":[],"class_list":["post-46993","post","type-post","status-publish","format-standard","has-post-thumbnail","hentry","category-destacadas","category-interes-general-locales","category-locales"],"aioseo_notices":[],"gutentor_comment":0,"jetpack_featured_media_url":"https:\/\/eldiariodesanpedro.com.ar\/sitio\/wp-content\/uploads\/2019\/02\/51675481_2092290754198922_5509075617670234112_n.jpg","jetpack_shortlink":"https:\/\/wp.me\/p6RhLt-cdX","jetpack_sharing_enabled":true,"_links":{"self":[{"href":"https:\/\/eldiariodesanpedro.com.ar\/sitio\/wp-json\/wp\/v2\/posts\/46993","targetHints":{"allow":["GET"]}}],"collection":[{"href":"https:\/\/eldiariodesanpedro.com.ar\/sitio\/wp-json\/wp\/v2\/posts"}],"about":[{"href":"https:\/\/eldiariodesanpedro.com.ar\/sitio\/wp-json\/wp\/v2\/types\/post"}],"author":[{"embeddable":true,"href":"https:\/\/eldiariodesanpedro.com.ar\/sitio\/wp-json\/wp\/v2\/users\/4"}],"replies":[{"embeddable":true,"href":"https:\/\/eldiariodesanpedro.com.ar\/sitio\/wp-json\/wp\/v2\/comments?post=46993"}],"version-history":[{"count":2,"href":"https:\/\/eldiariodesanpedro.com.ar\/sitio\/wp-json\/wp\/v2\/posts\/46993\/revisions"}],"predecessor-version":[{"id":47008,"href":"https:\/\/eldiariodesanpedro.com.ar\/sitio\/wp-json\/wp\/v2\/posts\/46993\/revisions\/47008"}],"wp:featuredmedia":[{"embeddable":true,"href":"https:\/\/eldiariodesanpedro.com.ar\/sitio\/wp-json\/wp\/v2\/media\/46997"}],"wp:attachment":[{"href":"https:\/\/eldiariodesanpedro.com.ar\/sitio\/wp-json\/wp\/v2\/media?parent=46993"}],"wp:term":[{"taxonomy":"category","embeddable":true,"href":"https:\/\/eldiariodesanpedro.com.ar\/sitio\/wp-json\/wp\/v2\/categories?post=46993"},{"taxonomy":"post_tag","embeddable":true,"href":"https:\/\/eldiariodesanpedro.com.ar\/sitio\/wp-json\/wp\/v2\/tags?post=46993"}],"curies":[{"name":"wp","href":"https:\/\/api.w.org\/{rel}","templated":true}]}}