{"id":4699,"date":"2016-05-24T20:36:27","date_gmt":"2016-05-24T23:36:27","guid":{"rendered":"https:\/\/eldiariodesanpedro.com.ar\/sitio\/?p=4699"},"modified":"2016-05-24T20:36:27","modified_gmt":"2016-05-24T23:36:27","slug":"dieron-marcha-atras-a-la-injusta-sancion-de-la-oficial-daniel-garcia-a-cargo-de-la-comisaria-de-la-mujer","status":"publish","type":"post","link":"https:\/\/eldiariodesanpedro.com.ar\/sitio\/dieron-marcha-atras-a-la-injusta-sancion-de-la-oficial-daniel-garcia-a-cargo-de-la-comisaria-de-la-mujer\/","title":{"rendered":"Dieron marcha atr\u00e1s a la injusta sanci\u00f3n de la oficial Daniel Garc\u00eda, a cargo de la Comisar\u00eda de la Mujer"},"content":{"rendered":"<p><!-- VideographyWP Plugin Message: Automatic video embedding prevented by plugin options. --><br \/>\nUna compleja situaci\u00f3n se dio a conocer en las \u00faltimas horas y tiene que ver con una sanci\u00f3n que se le hab\u00eda impuesto a la oficial principal Daniela Garc\u00eda por dar informaci\u00f3n a la prensa del hecho ocurrido en Pueblo Doyle, donde una mujer denunci\u00f3 haber estado privada ileg\u00edtimamente de su libertad.<br \/>\nLo cierto es que las declaraciones de Garc\u00eda a \u201cSomos Noticias\u201del viernes pasado fueron tomadas por medios nacionales, algunos sin el consentimientos del medio local. Se pudo ver la nota en C5N y Canal 26 que fue descarga desde la p\u00e1gina de \u201cSol Tv\u201d que luego circul\u00f3 durante toda la jornada por el aire. Esto habr\u00eda enfurecido a autoridades provinciales quienes a trav\u00e9s de la superioridad del \u00e1rea de la fuerza policial a la que pertenece Garc\u00eda fue suspendida en principio por 48 hs. e inclusive hab\u00eda trascendido que iba a ser trasladada.<br \/>\nLuego que la comunidad pol\u00edtica e instituciones intermedias, se profesaran en contra del posible traslado y sanci\u00f3n de la Oficial Principal, el Ministerio de Seguridad dio marcha atr\u00e1s con la medida. Sin dudas el buen tino de la decisi\u00f3n caer\u00e1 bien en la sociedad que no ve\u00eda con buenos ojos que la efectiva policial sea sancionada tan solo por brindar informaci\u00f3n de car\u00e1cter p\u00fablica.<br \/>\nEl Intendente Salazar, tambi\u00e9n se comunic\u00f3 esta ma\u00f1ana con Mat\u00edas Ranzini, subrecretario de Seguridad de la Provincia de Buenos Aires para darle a conocer su parecer sobre la situaci\u00f3n, donde le dieron el compromiso de dar marcha atr\u00e1s con las medidas dispuestas.<br \/>\nEn tanto que el Foro de Seguridad tambi\u00e9n cumpli\u00f3 un papel preponderante. Tras las gestiones realizadas, su presidente Juan Guti\u00e9rrez fue informado desde dicha cartera provincial, esta tarde, que no se concretar\u00e1n dichas sanciones.<\/p>\n<p>\u201cEsto es el mundo del rev\u00e9s\u201d <\/p>\n<p>El concejal del Frente de Renovador y presidente de la Comisi\u00f3n de Seguridad del HCD, consider\u00f3: \u201cVamos a pedir pedidos de informes, si es necesario realizar alg\u00fan tipo de contacto o reuni\u00f3n con autoridades del Ministerio de Seguridad  porque la verdad nosotros queremos respaldar a las autoridades policiales y cuando act\u00faen no que tengan miedo a ser sancionados. Esto es el mundo del rev\u00e9s\u201d.<br \/>\nEn tanto que agreg\u00f3: \u201cHemos venido pidiendo la reincorporaci\u00f3n de la DDI, que se quede el asiento en nuestra ciudad cuando se va a ir a Baradero en los pr\u00f3ximos d\u00edas, hemos pedido la implementaci\u00f3n del Operativo Sol y no lo hemos podido lograr\u201d.<br \/>\nY en ese sentido finaliz\u00f3: \u201cCreemos que la cuesti\u00f3n menos importante es lo que est\u00e1n haciendo ahora, tomando decisiones con respecto al personal que realiza su tarea con escas\u00edsimos recursos\u201d. <\/p>\n<p>\u201cMe parece un disparate\u201d <\/p>\n<p>Por su parte Noem\u00ed Bordoy de la Mesa Contra la Violencia, tambi\u00e9n realiz\u00f3 consideraciones en torno al tema: \u201cLa realidad que nosotros como ciudadanos, en nuestro caso como Instituci\u00f3n de la Mesa Contra la Violencia, lo que tenemos que hacer es defender a la gente que est\u00e1 en la Comisar\u00eda de la Mujer y a ellas, porque realmente est\u00e1n trabajando en situaciones paup\u00e9rrimas, no tiene m\u00e1s que pr\u00e1cticamente voluntad\u201d y \u201cyo nunca las escuch\u00e7e salir a quejarse\u201d.<br \/>\nAl tiempo que manifest\u00f3: \u201cEsta mujer trabaja  a destajo\u201d y asever\u00f3 luego: \u201cNo se como se manejan este tipo de situaciones en la fuerza pero estamos en el Siglo XXI creo que estamos ya para otras cosas\u201d. <\/p>\n","protected":false},"excerpt":{"rendered":"<p>Una compleja situaci\u00f3n se dio a conocer en las \u00faltimas horas y tiene que ver con una sanci\u00f3n que se le hab\u00eda impuesto a la oficial principal Daniela Garc\u00eda por dar informaci\u00f3n a la prensa del hecho ocurrido en Pueblo Doyle, donde una mujer denunci\u00f3 haber estado privada ileg\u00edtimamente de su libertad. Lo cierto es [&hellip;]<\/p>\n","protected":false},"author":4,"featured_media":4700,"comment_status":"open","ping_status":"closed","sticky":false,"template":"","format":"standard","meta":{"om_disable_all_campaigns":false,"_jetpack_memberships_contains_paid_content":false,"footnotes":""},"categories":[50,2,103],"tags":[],"class_list":["post-4699","post","type-post","status-publish","format-standard","has-post-thumbnail","hentry","category-destacadas","category-locales","category-policiales-locales"],"aioseo_notices":[],"gutentor_comment":0,"jetpack_featured_media_url":"https:\/\/eldiariodesanpedro.com.ar\/sitio\/wp-content\/uploads\/2016\/05\/PAGINA-5-8.jpg","jetpack_shortlink":"https:\/\/wp.me\/p6RhLt-1dN","jetpack_sharing_enabled":true,"_links":{"self":[{"href":"https:\/\/eldiariodesanpedro.com.ar\/sitio\/wp-json\/wp\/v2\/posts\/4699","targetHints":{"allow":["GET"]}}],"collection":[{"href":"https:\/\/eldiariodesanpedro.com.ar\/sitio\/wp-json\/wp\/v2\/posts"}],"about":[{"href":"https:\/\/eldiariodesanpedro.com.ar\/sitio\/wp-json\/wp\/v2\/types\/post"}],"author":[{"embeddable":true,"href":"https:\/\/eldiariodesanpedro.com.ar\/sitio\/wp-json\/wp\/v2\/users\/4"}],"replies":[{"embeddable":true,"href":"https:\/\/eldiariodesanpedro.com.ar\/sitio\/wp-json\/wp\/v2\/comments?post=4699"}],"version-history":[{"count":1,"href":"https:\/\/eldiariodesanpedro.com.ar\/sitio\/wp-json\/wp\/v2\/posts\/4699\/revisions"}],"predecessor-version":[{"id":4701,"href":"https:\/\/eldiariodesanpedro.com.ar\/sitio\/wp-json\/wp\/v2\/posts\/4699\/revisions\/4701"}],"wp:featuredmedia":[{"embeddable":true,"href":"https:\/\/eldiariodesanpedro.com.ar\/sitio\/wp-json\/wp\/v2\/media\/4700"}],"wp:attachment":[{"href":"https:\/\/eldiariodesanpedro.com.ar\/sitio\/wp-json\/wp\/v2\/media?parent=4699"}],"wp:term":[{"taxonomy":"category","embeddable":true,"href":"https:\/\/eldiariodesanpedro.com.ar\/sitio\/wp-json\/wp\/v2\/categories?post=4699"},{"taxonomy":"post_tag","embeddable":true,"href":"https:\/\/eldiariodesanpedro.com.ar\/sitio\/wp-json\/wp\/v2\/tags?post=4699"}],"curies":[{"name":"wp","href":"https:\/\/api.w.org\/{rel}","templated":true}]}}