{"id":46988,"date":"2019-02-04T08:54:44","date_gmt":"2019-02-04T11:54:44","guid":{"rendered":"https:\/\/eldiariodesanpedro.com.ar\/sitio\/?p=46988"},"modified":"2019-02-04T08:54:55","modified_gmt":"2019-02-04T11:54:55","slug":"el-ministro-de-agroindustria-respaldo-el-reimpulso-para-la-fruticultura-en-la-apertura-de-las-actividades-por-la-fiesta-del-durazno-2","status":"publish","type":"post","link":"https:\/\/eldiariodesanpedro.com.ar\/sitio\/el-ministro-de-agroindustria-respaldo-el-reimpulso-para-la-fruticultura-en-la-apertura-de-las-actividades-por-la-fiesta-del-durazno-2\/","title":{"rendered":"El Ministro de Agroindustria respald\u00f3 el reimpulso para la fruticultura en la apertura de las actividades por la Fiesta del Durazno"},"content":{"rendered":"<!-- VideographyWP Plugin Message: Automatic video embedding prevented by plugin options. -->\n\n<h5 class=\"wp-block-heading\" id=\"js_82e\">Autoridades del gobierno municipal de San Pedro, productores de la regi\u00f3n y de Francia (interesados en la producci\u00f3n local de batatas) e integrantes de la comisi\u00f3n organizadora de la 20\u00ba edici\u00f3n de la Fiesta Provincial del Durazno que comenz\u00f3 este sabado por la tarde, recibieron al Ministro de Agroindustria de la Provincia de Buenos Aires, Ingeniero Agr\u00f3nomo\u00a0Leonardo Sarquis.<\/h5>\n\n\n\n<p>El funcionario provincial arrib\u00f3 este mediod\u00eda a Gobernador Castro para una visita enmarcada en el regreso de una fiesta que acompa\u00f1a, (como la de la Naranja) el concreto respaldo de la gesti\u00f3n del Intendente Cecilio Salazar, al reimpulso que est\u00e1 tomando en la regi\u00f3n, la producci\u00f3n frut\u00edcola.<\/p>\n\n\n\n<p>Junto a un grupo de colaboradores, Sarquis, que hab\u00eda concurrido tiempo atr\u00e1s a una reuni\u00f3n de productores intensivos en San Pedro, reiter\u00f3 la decisi\u00f3n de seguir apuntalando a los productores de todas las escalas, acercando programas de financiamiento y mejores condiciones para la producci\u00f3n y venta tanto en el mercado interno como externo.<\/p>\n\n\n\n<p>En el comienzo de su visita el Ministro llego a \u00abGreen Seed\u00bb ubicado en el Callej\u00f3n Novella a pocos metros la ruta 191 km 9, dedicado a la venta de productos frutihort\u00edcolas donde le presentaron la variedad de propuestas elaboradas con frutas y verduras, incluyendo conservas, jugos y sopas.<\/p>\n\n\n\n<p>Luego visit\u00f3 el establecimiento frut\u00edcola del empresario Jorge Taurizano y finalmente lleg\u00f3 al Club de Jubilados de Gobernador Castro.<\/p>\n\n\n\n<p>En estas instalaciones, recibi\u00f3 informaci\u00f3n sobre los participantes en la selecci\u00f3n de los duraznos de oro, plata y bronce, que son evaluados por el jurado.<\/p>\n\n\n\n<p>El Intendente Salazar agradeci\u00f3 el apoyo brindado por el ministro con quien se han mantenido tambi\u00e9n reuniones y contactos ante diferentes situaciones planteadas durante el a\u00f1o, destacando siempre el respaldo del gobierno provincial encabezado por Mar\u00eda Eugenia Vidal.<\/p>\n\n\n\n<p>Habl\u00f3 adem\u00e1s sobre este momento de la producci\u00f3n que intenta volver a colocarse como un pilar en la generaci\u00f3n de mano obra y de movimiento econ\u00f3mico, especialmente en una localidad como Gobernador Castro que depende en gran medida de ello.<\/p>\n\n\n\n<p>La 20\u00ba Fiesta Provincial del Durazno se desarrollo entre el sabado 2 y domingo 3 del corriente mes,  con una variada grilla art\u00edstica en el campo de deportes de Agricultores Club. Gracias al trabajo incansable de la Direcci\u00f3n de Turismo a cargo de Macela Cu\u00f1er, quien organiza otras Fiestas como la Naranja, a la Directora de Cultura Mar\u00eda Jos\u00e9 Mora, quienes arman la grilla de artistas y organizan el funcionamiento de la fiesta, tambi\u00e9n al grupo de colaboradores municipales a disposici\u00f3n del trabajo mancomunado y a la Comisi\u00f3n Organizadora de la Fiesta del Durazno de la localidad de Gobernador Castro que trabajaron incansablemente para volver a tener la fiesta que siempre caracteriz\u00f3 a su pueblo.<\/p>\n","protected":false},"excerpt":{"rendered":"<p>Autoridades del gobierno municipal de San Pedro, productores de la regi\u00f3n y de Francia (interesados en la producci\u00f3n local de batatas) e integrantes de la comisi\u00f3n organizadora de la 20\u00ba edici\u00f3n de la Fiesta Provincial del Durazno que comenz\u00f3 este sabado por la tarde, recibieron al Ministro de Agroindustria de la Provincia de Buenos Aires, [&hellip;]<\/p>\n","protected":false},"author":4,"featured_media":46989,"comment_status":"open","ping_status":"closed","sticky":false,"template":"","format":"standard","meta":{"om_disable_all_campaigns":false,"_jetpack_memberships_contains_paid_content":false,"footnotes":""},"categories":[50,101,2],"tags":[],"class_list":["post-46988","post","type-post","status-publish","format-standard","has-post-thumbnail","hentry","category-destacadas","category-interes-general-locales","category-locales"],"aioseo_notices":[],"gutentor_comment":0,"jetpack_featured_media_url":"https:\/\/eldiariodesanpedro.com.ar\/sitio\/wp-content\/uploads\/2019\/02\/51716766_2090675554360442_3925300169502883840_n.jpg","jetpack_shortlink":"https:\/\/wp.me\/p6RhLt-cdS","jetpack_sharing_enabled":true,"_links":{"self":[{"href":"https:\/\/eldiariodesanpedro.com.ar\/sitio\/wp-json\/wp\/v2\/posts\/46988","targetHints":{"allow":["GET"]}}],"collection":[{"href":"https:\/\/eldiariodesanpedro.com.ar\/sitio\/wp-json\/wp\/v2\/posts"}],"about":[{"href":"https:\/\/eldiariodesanpedro.com.ar\/sitio\/wp-json\/wp\/v2\/types\/post"}],"author":[{"embeddable":true,"href":"https:\/\/eldiariodesanpedro.com.ar\/sitio\/wp-json\/wp\/v2\/users\/4"}],"replies":[{"embeddable":true,"href":"https:\/\/eldiariodesanpedro.com.ar\/sitio\/wp-json\/wp\/v2\/comments?post=46988"}],"version-history":[{"count":1,"href":"https:\/\/eldiariodesanpedro.com.ar\/sitio\/wp-json\/wp\/v2\/posts\/46988\/revisions"}],"predecessor-version":[{"id":46990,"href":"https:\/\/eldiariodesanpedro.com.ar\/sitio\/wp-json\/wp\/v2\/posts\/46988\/revisions\/46990"}],"wp:featuredmedia":[{"embeddable":true,"href":"https:\/\/eldiariodesanpedro.com.ar\/sitio\/wp-json\/wp\/v2\/media\/46989"}],"wp:attachment":[{"href":"https:\/\/eldiariodesanpedro.com.ar\/sitio\/wp-json\/wp\/v2\/media?parent=46988"}],"wp:term":[{"taxonomy":"category","embeddable":true,"href":"https:\/\/eldiariodesanpedro.com.ar\/sitio\/wp-json\/wp\/v2\/categories?post=46988"},{"taxonomy":"post_tag","embeddable":true,"href":"https:\/\/eldiariodesanpedro.com.ar\/sitio\/wp-json\/wp\/v2\/tags?post=46988"}],"curies":[{"name":"wp","href":"https:\/\/api.w.org\/{rel}","templated":true}]}}