{"id":46984,"date":"2019-02-03T18:33:23","date_gmt":"2019-02-03T21:33:23","guid":{"rendered":"https:\/\/eldiariodesanpedro.com.ar\/sitio\/?p=46984"},"modified":"2019-02-03T18:33:33","modified_gmt":"2019-02-03T21:33:33","slug":"campana-delincuentes-armados-intentaron-robar-un-camion","status":"publish","type":"post","link":"https:\/\/eldiariodesanpedro.com.ar\/sitio\/campana-delincuentes-armados-intentaron-robar-un-camion\/","title":{"rendered":"CAMPANA: Delincuentes armados intentaron robar un cami\u00f3n"},"content":{"rendered":"<!-- VideographyWP Plugin Message: Automatic video embedding prevented by plugin options. -->\n\n<p>\n\nDelincuentes interceptaron al transporte a la altura de R\u00edo Luj\u00e1n, pero el conductor no detuvo su marcha pese a las balas que impactaban en la carrocer\u00eda. Al no poder concretar el robo, los ladrones abandonaron el auto en el que se movilizaban en Otamendi, y se dieron a la fuga.<\/p>\n\n\n\n<p>M\u00e1s de una docena de disparos quedaron impregnados en el cami\u00f3n Volvo, detenido sobre la Panamericana a la altura de la estaci\u00f3n de servicio YPF. Hasta all\u00ed, el conductor del cami\u00f3n pudo llegar y ponerse a salvo, mientras era perseguido por delincuentes a bordo de un autom\u00f3vil, en una persecuci\u00f3n casi de pel\u00edcula.<br><br>El camionero, identificado como Pedro L\u00f3pez Secchiari, hab\u00eda cargado productos de Sedal (shampoo) en el centro de distribuci\u00f3n de Unilever de Tortuguitas, y se dirig\u00eda rumbo al Chaco. A la altura de R\u00edo Luj\u00e1n, varios sujetos a bordo de un Citr\u00f6en C4 color negro lo interceptaron, y con armas lo amenazaron para que se detenga.<br><br>Pero lejos de amedrentarse, el transportista aceler\u00f3 e intent\u00f3 huir. Fue entonces que recibi\u00f3 varios disparos. Primero en el lateral del cami\u00f3n, y luego en la parte frontal. Incluso, uno de los tiros rompi\u00f3 el parabrisas. Pero por suerte, el conductor no sufri\u00f3 las consecuencias.<br><br>Cuando el veh\u00edculo de la empresa Gagama Transportes alcanz\u00f3 el Km. 75, los delincuentes ya hab\u00edan desistido del robo. El veh\u00edculo en el que transitaban fue hallado abandonado sobre la Colectora, a la altura de Otamendi. Personal policial qued\u00f3 en custodia del veh\u00edculo, mientras que Polic\u00eda Cient\u00edfica realiz\u00f3 los peritajes de rigor que ser\u00e1n parte de la investigaci\u00f3n.<\/p>\n\n\n\n<p>Fuente: <a href=\"http:\/\/www.campananoticias.com\">Campana Noticias<\/a><\/p>\n","protected":false},"excerpt":{"rendered":"<p>Delincuentes interceptaron al transporte a la altura de R\u00edo Luj\u00e1n, pero el conductor no detuvo su marcha pese a las balas que impactaban en la carrocer\u00eda. Al no poder concretar el robo, los ladrones abandonaron el auto en el que se movilizaban en Otamendi, y se dieron a la fuga. M\u00e1s de una docena de [&hellip;]<\/p>\n","protected":false},"author":4,"featured_media":46985,"comment_status":"open","ping_status":"closed","sticky":false,"template":"","format":"standard","meta":{"om_disable_all_campaigns":false,"_jetpack_memberships_contains_paid_content":false,"footnotes":""},"categories":[621],"tags":[],"class_list":["post-46984","post","type-post","status-publish","format-standard","has-post-thumbnail","hentry","category-regionales"],"aioseo_notices":[],"gutentor_comment":0,"jetpack_featured_media_url":"https:\/\/eldiariodesanpedro.com.ar\/sitio\/wp-content\/uploads\/2019\/02\/20190203100925.jpg","jetpack_shortlink":"https:\/\/wp.me\/p6RhLt-cdO","jetpack_sharing_enabled":true,"_links":{"self":[{"href":"https:\/\/eldiariodesanpedro.com.ar\/sitio\/wp-json\/wp\/v2\/posts\/46984","targetHints":{"allow":["GET"]}}],"collection":[{"href":"https:\/\/eldiariodesanpedro.com.ar\/sitio\/wp-json\/wp\/v2\/posts"}],"about":[{"href":"https:\/\/eldiariodesanpedro.com.ar\/sitio\/wp-json\/wp\/v2\/types\/post"}],"author":[{"embeddable":true,"href":"https:\/\/eldiariodesanpedro.com.ar\/sitio\/wp-json\/wp\/v2\/users\/4"}],"replies":[{"embeddable":true,"href":"https:\/\/eldiariodesanpedro.com.ar\/sitio\/wp-json\/wp\/v2\/comments?post=46984"}],"version-history":[{"count":1,"href":"https:\/\/eldiariodesanpedro.com.ar\/sitio\/wp-json\/wp\/v2\/posts\/46984\/revisions"}],"predecessor-version":[{"id":46986,"href":"https:\/\/eldiariodesanpedro.com.ar\/sitio\/wp-json\/wp\/v2\/posts\/46984\/revisions\/46986"}],"wp:featuredmedia":[{"embeddable":true,"href":"https:\/\/eldiariodesanpedro.com.ar\/sitio\/wp-json\/wp\/v2\/media\/46985"}],"wp:attachment":[{"href":"https:\/\/eldiariodesanpedro.com.ar\/sitio\/wp-json\/wp\/v2\/media?parent=46984"}],"wp:term":[{"taxonomy":"category","embeddable":true,"href":"https:\/\/eldiariodesanpedro.com.ar\/sitio\/wp-json\/wp\/v2\/categories?post=46984"},{"taxonomy":"post_tag","embeddable":true,"href":"https:\/\/eldiariodesanpedro.com.ar\/sitio\/wp-json\/wp\/v2\/tags?post=46984"}],"curies":[{"name":"wp","href":"https:\/\/api.w.org\/{rel}","templated":true}]}}