{"id":46981,"date":"2019-02-03T18:31:35","date_gmt":"2019-02-03T21:31:35","guid":{"rendered":"https:\/\/eldiariodesanpedro.com.ar\/sitio\/?p=46981"},"modified":"2019-02-03T18:31:45","modified_gmt":"2019-02-03T21:31:45","slug":"zarate-auto-se-estrello-contra-un-colectivo-en-av-gallesio-y-rivadavia","status":"publish","type":"post","link":"https:\/\/eldiariodesanpedro.com.ar\/sitio\/zarate-auto-se-estrello-contra-un-colectivo-en-av-gallesio-y-rivadavia\/","title":{"rendered":"Z\u00c1RATE: Auto se estrell\u00f3 contra un colectivo en Av. Gallesio y Rivadavia"},"content":{"rendered":"<!-- VideographyWP Plugin Message: Automatic video embedding prevented by plugin options. -->\n\n<p>Esta ma\u00f1ana se produjo un grav\u00edsimo accidente de tr\u00e1nsito en Av. Gallesio y Rivadavia de Z\u00e1rate.<\/p>\n\n\n\n<div class=\"wp-block-image\"><figure class=\"aligncenter\"><img decoding=\"async\" data-src=\"http:\/\/www.enlacecritico.com\/wp-content\/uploads\/2019\/02\/20190203_081503.jpg\" alt=\"\" class=\"wp-image-271250 lazyload\" src=\"data:image\/svg+xml;base64,PHN2ZyB3aWR0aD0iMSIgaGVpZ2h0PSIxIiB4bWxucz0iaHR0cDovL3d3dy53My5vcmcvMjAwMC9zdmciPjwvc3ZnPg==\" \/><\/figure><\/div>\n\n\n\n<p>Un Volkswagen Gol conducido por una mujer se estrell\u00f3 contra la parte trasera de un colectivo. A\u00fan se desconoce si fue una mala maniobra de la conductora o una frenada brusca y repentina del veh\u00edculo de mayor porte.<\/p>\n\n\n\n<div class=\"wp-block-image\"><figure class=\"aligncenter\"><img decoding=\"async\" data-src=\"http:\/\/www.enlacecritico.com\/wp-content\/uploads\/2019\/02\/20190203_081724.jpg\" alt=\"\" class=\"wp-image-271252 lazyload\" src=\"data:image\/svg+xml;base64,PHN2ZyB3aWR0aD0iMSIgaGVpZ2h0PSIxIiB4bWxucz0iaHR0cDovL3d3dy53My5vcmcvMjAwMC9zdmciPjwvc3ZnPg==\" \/><\/figure><\/div>\n\n\n\n<p>La ambulancia del SEMU la traslad\u00f3 al Hospital Virgen del Carmen con politraumatismos, en tanto que Bomberos Voluntarios tambi\u00e9n colabor\u00f3 en el rescate.<\/p>\n\n\n\n<div class=\"wp-block-image\"><figure class=\"aligncenter\"><img decoding=\"async\" data-src=\"http:\/\/www.enlacecritico.com\/wp-content\/uploads\/2019\/02\/20190203_081551.jpg\" alt=\"\" class=\"wp-image-271249 lazyload\" src=\"data:image\/svg+xml;base64,PHN2ZyB3aWR0aD0iMSIgaGVpZ2h0PSIxIiB4bWxucz0iaHR0cDovL3d3dy53My5vcmcvMjAwMC9zdmciPjwvc3ZnPg==\" \/><\/figure><\/div>\n\n\n\n<p>La calle est\u00e1 siendo cortada por agentes de la DPU.<\/p>\n\n\n\n<div class=\"wp-block-image\"><figure class=\"aligncenter\"><img decoding=\"async\" data-src=\"http:\/\/www.enlacecritico.com\/wp-content\/uploads\/2019\/02\/20190203_0816190.jpg\" alt=\"\" class=\"wp-image-271251 lazyload\" src=\"data:image\/svg+xml;base64,PHN2ZyB3aWR0aD0iMSIgaGVpZ2h0PSIxIiB4bWxucz0iaHR0cDovL3d3dy53My5vcmcvMjAwMC9zdmciPjwvc3ZnPg==\" \/><\/figure><\/div>\n\n\n\n<p>Fuente: <a href=\"http:\/\/www.enlacecritico.com\">Enlace Critico<\/a><\/p>\n","protected":false},"excerpt":{"rendered":"<p>Esta ma\u00f1ana se produjo un grav\u00edsimo accidente de tr\u00e1nsito en Av. Gallesio y Rivadavia de Z\u00e1rate. Un Volkswagen Gol conducido por una mujer se estrell\u00f3 contra la parte trasera de un colectivo. A\u00fan se desconoce si fue una mala maniobra de la conductora o una frenada brusca y repentina del veh\u00edculo de mayor porte. La [&hellip;]<\/p>\n","protected":false},"author":4,"featured_media":46982,"comment_status":"open","ping_status":"closed","sticky":false,"template":"","format":"standard","meta":{"om_disable_all_campaigns":false,"_jetpack_memberships_contains_paid_content":false,"footnotes":""},"categories":[621],"tags":[],"class_list":["post-46981","post","type-post","status-publish","format-standard","has-post-thumbnail","hentry","category-regionales"],"aioseo_notices":[],"gutentor_comment":0,"jetpack_featured_media_url":"https:\/\/eldiariodesanpedro.com.ar\/sitio\/wp-content\/uploads\/2019\/02\/20190203_0816190.jpg","jetpack_shortlink":"https:\/\/wp.me\/p6RhLt-cdL","jetpack_sharing_enabled":true,"_links":{"self":[{"href":"https:\/\/eldiariodesanpedro.com.ar\/sitio\/wp-json\/wp\/v2\/posts\/46981","targetHints":{"allow":["GET"]}}],"collection":[{"href":"https:\/\/eldiariodesanpedro.com.ar\/sitio\/wp-json\/wp\/v2\/posts"}],"about":[{"href":"https:\/\/eldiariodesanpedro.com.ar\/sitio\/wp-json\/wp\/v2\/types\/post"}],"author":[{"embeddable":true,"href":"https:\/\/eldiariodesanpedro.com.ar\/sitio\/wp-json\/wp\/v2\/users\/4"}],"replies":[{"embeddable":true,"href":"https:\/\/eldiariodesanpedro.com.ar\/sitio\/wp-json\/wp\/v2\/comments?post=46981"}],"version-history":[{"count":1,"href":"https:\/\/eldiariodesanpedro.com.ar\/sitio\/wp-json\/wp\/v2\/posts\/46981\/revisions"}],"predecessor-version":[{"id":46983,"href":"https:\/\/eldiariodesanpedro.com.ar\/sitio\/wp-json\/wp\/v2\/posts\/46981\/revisions\/46983"}],"wp:featuredmedia":[{"embeddable":true,"href":"https:\/\/eldiariodesanpedro.com.ar\/sitio\/wp-json\/wp\/v2\/media\/46982"}],"wp:attachment":[{"href":"https:\/\/eldiariodesanpedro.com.ar\/sitio\/wp-json\/wp\/v2\/media?parent=46981"}],"wp:term":[{"taxonomy":"category","embeddable":true,"href":"https:\/\/eldiariodesanpedro.com.ar\/sitio\/wp-json\/wp\/v2\/categories?post=46981"},{"taxonomy":"post_tag","embeddable":true,"href":"https:\/\/eldiariodesanpedro.com.ar\/sitio\/wp-json\/wp\/v2\/tags?post=46981"}],"curies":[{"name":"wp","href":"https:\/\/api.w.org\/{rel}","templated":true}]}}