{"id":46978,"date":"2019-02-03T18:29:15","date_gmt":"2019-02-03T21:29:15","guid":{"rendered":"https:\/\/eldiariodesanpedro.com.ar\/sitio\/?p=46978"},"modified":"2019-02-03T18:29:26","modified_gmt":"2019-02-03T21:29:26","slug":"zarate-gravisimo-accidente-en-el-camino-038-a-lima","status":"publish","type":"post","link":"https:\/\/eldiariodesanpedro.com.ar\/sitio\/zarate-gravisimo-accidente-en-el-camino-038-a-lima\/","title":{"rendered":"ZARATE: Grav\u00edsimo accidente en el camino 038 a Lima"},"content":{"rendered":"<!-- VideographyWP Plugin Message: Automatic video embedding prevented by plugin options. -->\n\n<p>Cerca de las doce del mediod\u00eda se registr\u00f3 otro importante accidente de tr\u00e1nsito a mitad del camino 038 entre Z\u00e1rate y Lima.<\/p>\n\n\n\n<div class=\"wp-block-image\"><figure class=\"aligncenter\"><img decoding=\"async\" data-src=\"http:\/\/www.enlacecritico.com\/wp-content\/uploads\/2019\/02\/Accidente-038-3.jpg\" alt=\"\" class=\"wp-image-271260 lazyload\" src=\"data:image\/svg+xml;base64,PHN2ZyB3aWR0aD0iMSIgaGVpZ2h0PSIxIiB4bWxucz0iaHR0cDovL3d3dy53My5vcmcvMjAwMC9zdmciPjwvc3ZnPg==\" \/><\/figure><\/div>\n\n\n\n<p>Dos personas que viajaban en un Volkswagen Gol fueron impactadas por una Ford Ranger y tuvieron que ser rescatadas por la dotaci\u00f3n de Bomberos Voluntarios de Z\u00e1rate que acudi\u00f3 a siniestro. En tanto que la ambulancia del SEMU realiz\u00f3 el traslado al hospital. Tambi\u00e9n arrib\u00f3 Bomberos Voluntaros de Lima.<\/p>\n\n\n\n<div class=\"wp-block-image\"><figure class=\"aligncenter\"><img decoding=\"async\" data-src=\"http:\/\/www.enlacecritico.com\/wp-content\/uploads\/2019\/02\/Accidente-038.jpg\" alt=\"\" class=\"wp-image-271261 lazyload\" src=\"data:image\/svg+xml;base64,PHN2ZyB3aWR0aD0iMSIgaGVpZ2h0PSIxIiB4bWxucz0iaHR0cDovL3d3dy53My5vcmcvMjAwMC9zdmciPjwvc3ZnPg==\" \/><\/figure><\/div>\n\n\n\n<p>El tr\u00e1nsito tuvo que ser desviado por el Comando Patrulla.<\/p>\n\n\n\n<div class=\"wp-block-image\"><figure class=\"aligncenter\"><img decoding=\"async\" data-src=\"http:\/\/www.enlacecritico.com\/wp-content\/uploads\/2019\/02\/Accidente-038-2.jpg\" alt=\"\" class=\"wp-image-271259 lazyload\" src=\"data:image\/svg+xml;base64,PHN2ZyB3aWR0aD0iMSIgaGVpZ2h0PSIxIiB4bWxucz0iaHR0cDovL3d3dy53My5vcmcvMjAwMC9zdmciPjwvc3ZnPg==\" \/><\/figure><\/div>\n\n\n\n<p>Fuente: <a href=\"http:\/\/www.enlacecritico.com\">Enlace Critico <\/a><\/p>\n","protected":false},"excerpt":{"rendered":"<p>Cerca de las doce del mediod\u00eda se registr\u00f3 otro importante accidente de tr\u00e1nsito a mitad del camino 038 entre Z\u00e1rate y Lima. Dos personas que viajaban en un Volkswagen Gol fueron impactadas por una Ford Ranger y tuvieron que ser rescatadas por la dotaci\u00f3n de Bomberos Voluntarios de Z\u00e1rate que acudi\u00f3 a siniestro. En tanto [&hellip;]<\/p>\n","protected":false},"author":4,"featured_media":46979,"comment_status":"open","ping_status":"closed","sticky":false,"template":"","format":"standard","meta":{"om_disable_all_campaigns":false,"_jetpack_memberships_contains_paid_content":false,"footnotes":""},"categories":[621],"tags":[],"class_list":["post-46978","post","type-post","status-publish","format-standard","has-post-thumbnail","hentry","category-regionales"],"aioseo_notices":[],"gutentor_comment":0,"jetpack_featured_media_url":"https:\/\/eldiariodesanpedro.com.ar\/sitio\/wp-content\/uploads\/2019\/02\/Accidente-038.jpg","jetpack_shortlink":"https:\/\/wp.me\/p6RhLt-cdI","jetpack_sharing_enabled":true,"_links":{"self":[{"href":"https:\/\/eldiariodesanpedro.com.ar\/sitio\/wp-json\/wp\/v2\/posts\/46978","targetHints":{"allow":["GET"]}}],"collection":[{"href":"https:\/\/eldiariodesanpedro.com.ar\/sitio\/wp-json\/wp\/v2\/posts"}],"about":[{"href":"https:\/\/eldiariodesanpedro.com.ar\/sitio\/wp-json\/wp\/v2\/types\/post"}],"author":[{"embeddable":true,"href":"https:\/\/eldiariodesanpedro.com.ar\/sitio\/wp-json\/wp\/v2\/users\/4"}],"replies":[{"embeddable":true,"href":"https:\/\/eldiariodesanpedro.com.ar\/sitio\/wp-json\/wp\/v2\/comments?post=46978"}],"version-history":[{"count":1,"href":"https:\/\/eldiariodesanpedro.com.ar\/sitio\/wp-json\/wp\/v2\/posts\/46978\/revisions"}],"predecessor-version":[{"id":46980,"href":"https:\/\/eldiariodesanpedro.com.ar\/sitio\/wp-json\/wp\/v2\/posts\/46978\/revisions\/46980"}],"wp:featuredmedia":[{"embeddable":true,"href":"https:\/\/eldiariodesanpedro.com.ar\/sitio\/wp-json\/wp\/v2\/media\/46979"}],"wp:attachment":[{"href":"https:\/\/eldiariodesanpedro.com.ar\/sitio\/wp-json\/wp\/v2\/media?parent=46978"}],"wp:term":[{"taxonomy":"category","embeddable":true,"href":"https:\/\/eldiariodesanpedro.com.ar\/sitio\/wp-json\/wp\/v2\/categories?post=46978"},{"taxonomy":"post_tag","embeddable":true,"href":"https:\/\/eldiariodesanpedro.com.ar\/sitio\/wp-json\/wp\/v2\/tags?post=46978"}],"curies":[{"name":"wp","href":"https:\/\/api.w.org\/{rel}","templated":true}]}}