{"id":46970,"date":"2019-02-03T18:22:38","date_gmt":"2019-02-03T21:22:38","guid":{"rendered":"https:\/\/eldiariodesanpedro.com.ar\/sitio\/?p=46970"},"modified":"2019-02-03T18:51:54","modified_gmt":"2019-02-03T21:51:54","slug":"condenados-por-organizar-fiestas-electronicas-para-vender-estupefacientes","status":"publish","type":"post","link":"https:\/\/eldiariodesanpedro.com.ar\/sitio\/condenados-por-organizar-fiestas-electronicas-para-vender-estupefacientes\/","title":{"rendered":"SAN NICOL\u00c1S: Condenados por organizar fiestas electr\u00f3nicas para vender estupefacientes"},"content":{"rendered":"<!-- VideographyWP Plugin Message: Automatic video embedding prevented by plugin options. -->\n\n<p>La Sra. jueza del Tribunal en lo Criminal N\u00b0 1, Dra. Laura Mercedes Fern\u00e1ndez, resolvi\u00f3 condenar a Dar\u00edo Emanuel Bachiochi como coautor penalmente responsable del delito de comercializaci\u00f3n agravada de estupefacientes, en los t\u00e9rminos del art\u00edculo 5.\u00ba inciso c) en relaci\u00f3n con el art\u00edculo 11 inciso e) de la Ley 23.737, a la pena de seis a\u00f1os de prisi\u00f3n y a Leandro Daher Dioca, como coautor penalmente responsable del delito de comercializaci\u00f3n agravada de estupefacientes, en los t\u00e9rminos del art\u00edculo 5.\u00ba inciso c) en relaci\u00f3n con el art\u00edculo 11 inciso e) de la Ley 23.737, a la pena de seis a\u00f1os de prisi\u00f3n<\/p>\n\n\n\n<p><br><strong>Venta de estupefacientes<\/strong><\/p>\n\n\n\n<p>Entre el mes de septiembre y hasta el 27 de noviembre de 2015, en San Nicol\u00e1s, Dar\u00edo Emanuel Bachiochi y Leandro Daher Dioca comercializaron estupefacientes con habitualidad y a t\u00edtulo oneroso en fiestas electr\u00f3nicas que ten\u00edan lugar en locales bailables p\u00fablicos de la ciudad.<br>La investigaci\u00f3n comenz\u00f3 a partir de una denuncia que daba cuenta de que una mujer que cumpl\u00eda funciones como polic\u00eda comunal vend\u00eda estupefacientes. Se estableci\u00f3 que esa mujer era la pareja de Leandro Daher Dioca y que se conduc\u00eda en el veh\u00edculo propiedad de este, un Chevrolet Astra, y que concurri\u00f3 a una fiesta electr\u00f3nica en el veh\u00edculo de Dioca. Este era chofer de rem\u00eds y viajaba a Rosario a traer droga. Adem\u00e1s de traer pastillas de \u00e9xtasis comercializaba marihuana. Esta actividad la hac\u00eda en su domicilio de calle 25 de mayo vendi\u00e9ndoles a amigos o conocidos, y esos conocidos hac\u00edan de nexo con otros consumidores -vendedores sat\u00e9lites- que concurr\u00edan a comprar droga para terceros. Uno de esos vendedores sat\u00e9lites era Emanuel Bachiochi, domiciliado en calle Bol\u00edvar, quien tendr\u00eda una cartera de clientes que concurr\u00edan \u00e9l y este a Dioca.<\/p>\n\n\n\n<p>Fuente: <a href=\"https:\/\/www.diarioelnorte.com.ar\">Diario El Norte<\/a><\/p>\n\n\n\n<p><\/p>\n","protected":false},"excerpt":{"rendered":"<p>La Sra. jueza del Tribunal en lo Criminal N\u00b0 1, Dra. Laura Mercedes Fern\u00e1ndez, resolvi\u00f3 condenar a Dar\u00edo Emanuel Bachiochi como coautor penalmente responsable del delito de comercializaci\u00f3n agravada de estupefacientes, en los t\u00e9rminos del art\u00edculo 5.\u00ba inciso c) en relaci\u00f3n con el art\u00edculo 11 inciso e) de la Ley 23.737, a la pena de [&hellip;]<\/p>\n","protected":false},"author":4,"featured_media":46971,"comment_status":"open","ping_status":"closed","sticky":false,"template":"","format":"standard","meta":{"om_disable_all_campaigns":false,"_jetpack_memberships_contains_paid_content":false,"footnotes":""},"categories":[621],"tags":[],"class_list":["post-46970","post","type-post","status-publish","format-standard","has-post-thumbnail","hentry","category-regionales"],"aioseo_notices":[],"gutentor_comment":0,"jetpack_featured_media_url":"https:\/\/eldiariodesanpedro.com.ar\/sitio\/wp-content\/uploads\/2019\/02\/0.jpg","jetpack_shortlink":"https:\/\/wp.me\/p6RhLt-cdA","jetpack_sharing_enabled":true,"_links":{"self":[{"href":"https:\/\/eldiariodesanpedro.com.ar\/sitio\/wp-json\/wp\/v2\/posts\/46970","targetHints":{"allow":["GET"]}}],"collection":[{"href":"https:\/\/eldiariodesanpedro.com.ar\/sitio\/wp-json\/wp\/v2\/posts"}],"about":[{"href":"https:\/\/eldiariodesanpedro.com.ar\/sitio\/wp-json\/wp\/v2\/types\/post"}],"author":[{"embeddable":true,"href":"https:\/\/eldiariodesanpedro.com.ar\/sitio\/wp-json\/wp\/v2\/users\/4"}],"replies":[{"embeddable":true,"href":"https:\/\/eldiariodesanpedro.com.ar\/sitio\/wp-json\/wp\/v2\/comments?post=46970"}],"version-history":[{"count":2,"href":"https:\/\/eldiariodesanpedro.com.ar\/sitio\/wp-json\/wp\/v2\/posts\/46970\/revisions"}],"predecessor-version":[{"id":46987,"href":"https:\/\/eldiariodesanpedro.com.ar\/sitio\/wp-json\/wp\/v2\/posts\/46970\/revisions\/46987"}],"wp:featuredmedia":[{"embeddable":true,"href":"https:\/\/eldiariodesanpedro.com.ar\/sitio\/wp-json\/wp\/v2\/media\/46971"}],"wp:attachment":[{"href":"https:\/\/eldiariodesanpedro.com.ar\/sitio\/wp-json\/wp\/v2\/media?parent=46970"}],"wp:term":[{"taxonomy":"category","embeddable":true,"href":"https:\/\/eldiariodesanpedro.com.ar\/sitio\/wp-json\/wp\/v2\/categories?post=46970"},{"taxonomy":"post_tag","embeddable":true,"href":"https:\/\/eldiariodesanpedro.com.ar\/sitio\/wp-json\/wp\/v2\/tags?post=46970"}],"curies":[{"name":"wp","href":"https:\/\/api.w.org\/{rel}","templated":true}]}}