{"id":46967,"date":"2019-02-03T18:20:02","date_gmt":"2019-02-03T21:20:02","guid":{"rendered":"https:\/\/eldiariodesanpedro.com.ar\/sitio\/?p=46967"},"modified":"2019-02-03T18:20:12","modified_gmt":"2019-02-03T21:20:12","slug":"colon-detenidos-por-saqueo-a-un-supermercado","status":"publish","type":"post","link":"https:\/\/eldiariodesanpedro.com.ar\/sitio\/colon-detenidos-por-saqueo-a-un-supermercado\/","title":{"rendered":"COL\u00d3N: Detenidos por saqueo a un supermercado"},"content":{"rendered":"<!-- VideographyWP Plugin Message: Automatic video embedding prevented by plugin options. -->\n\n<p>El \u00faltimo viernes la polic\u00eda detuvo a menos a cuatro personas (entre ellas una mujer) y concret\u00f3 m\u00e1s de un decena de allanamiento por el saqueo al supermercado Muralla China en la ciudad bonaerense de Col\u00f3n.<\/p>\n\n\n\n<p>Adem\u00e1s se secuestr\u00f3 una camioneta Ford F 100 de color blanco que se se\u00f1alaba hab\u00eda estado aparcada en calle 53 entre 15 y 16 (el supermercado queda en 16 entre 53 y 54) y en su caja se hab\u00edan cargado por lo menos cuatro changos repletos de mercader\u00eda, para luego huir con rumbo desconocido. El veh\u00edculo fue ubicado y el propietario y otra persona m\u00e1s fueron aprehendidos.<\/p>\n\n\n\n<p>Por otro lado, se va recuperando mercader\u00eda y no se descarta que se ponga a disposici\u00f3n de las Justicia a otras personas que estuvieron en el saqueo del supermercado chino colonense.<\/p>\n\n\n\n<p>No hubo organizaciones sociales ni partidos pol\u00edticos tras los saqueadores. Los grupos fueron conformados por miembros de familia (hay un matrimonio detenido) y se sospecha que el lazo de uni\u00f3n fueron las redes sociales.<\/p>\n\n\n\n<p>El saqueo se produjo el mismo viernes, concretado por un grupo de m\u00e1s de 50 personas que, en su huida, dejaron muchos destrozos en el local.<\/p>\n","protected":false},"excerpt":{"rendered":"<p>El \u00faltimo viernes la polic\u00eda detuvo a menos a cuatro personas (entre ellas una mujer) y concret\u00f3 m\u00e1s de un decena de allanamiento por el saqueo al supermercado Muralla China en la ciudad bonaerense de Col\u00f3n. Adem\u00e1s se secuestr\u00f3 una camioneta Ford F 100 de color blanco que se se\u00f1alaba hab\u00eda estado aparcada en calle [&hellip;]<\/p>\n","protected":false},"author":4,"featured_media":46968,"comment_status":"open","ping_status":"closed","sticky":false,"template":"","format":"standard","meta":{"om_disable_all_campaigns":false,"_jetpack_memberships_contains_paid_content":false,"footnotes":""},"categories":[621],"tags":[],"class_list":["post-46967","post","type-post","status-publish","format-standard","has-post-thumbnail","hentry","category-regionales"],"aioseo_notices":[],"gutentor_comment":0,"jetpack_featured_media_url":"https:\/\/eldiariodesanpedro.com.ar\/sitio\/wp-content\/uploads\/2019\/02\/Colon-supermercado-saqueo-744x510.jpeg","jetpack_shortlink":"https:\/\/wp.me\/p6RhLt-cdx","jetpack_sharing_enabled":true,"_links":{"self":[{"href":"https:\/\/eldiariodesanpedro.com.ar\/sitio\/wp-json\/wp\/v2\/posts\/46967","targetHints":{"allow":["GET"]}}],"collection":[{"href":"https:\/\/eldiariodesanpedro.com.ar\/sitio\/wp-json\/wp\/v2\/posts"}],"about":[{"href":"https:\/\/eldiariodesanpedro.com.ar\/sitio\/wp-json\/wp\/v2\/types\/post"}],"author":[{"embeddable":true,"href":"https:\/\/eldiariodesanpedro.com.ar\/sitio\/wp-json\/wp\/v2\/users\/4"}],"replies":[{"embeddable":true,"href":"https:\/\/eldiariodesanpedro.com.ar\/sitio\/wp-json\/wp\/v2\/comments?post=46967"}],"version-history":[{"count":1,"href":"https:\/\/eldiariodesanpedro.com.ar\/sitio\/wp-json\/wp\/v2\/posts\/46967\/revisions"}],"predecessor-version":[{"id":46969,"href":"https:\/\/eldiariodesanpedro.com.ar\/sitio\/wp-json\/wp\/v2\/posts\/46967\/revisions\/46969"}],"wp:featuredmedia":[{"embeddable":true,"href":"https:\/\/eldiariodesanpedro.com.ar\/sitio\/wp-json\/wp\/v2\/media\/46968"}],"wp:attachment":[{"href":"https:\/\/eldiariodesanpedro.com.ar\/sitio\/wp-json\/wp\/v2\/media?parent=46967"}],"wp:term":[{"taxonomy":"category","embeddable":true,"href":"https:\/\/eldiariodesanpedro.com.ar\/sitio\/wp-json\/wp\/v2\/categories?post=46967"},{"taxonomy":"post_tag","embeddable":true,"href":"https:\/\/eldiariodesanpedro.com.ar\/sitio\/wp-json\/wp\/v2\/tags?post=46967"}],"curies":[{"name":"wp","href":"https:\/\/api.w.org\/{rel}","templated":true}]}}