{"id":4690,"date":"2016-05-24T20:13:45","date_gmt":"2016-05-24T23:13:45","guid":{"rendered":"https:\/\/eldiariodesanpedro.com.ar\/sitio\/?p=4690"},"modified":"2016-05-24T20:13:45","modified_gmt":"2016-05-24T23:13:45","slug":"aniversario-de-la-fundacion-del-san-pedro-radio-club","status":"publish","type":"post","link":"https:\/\/eldiariodesanpedro.com.ar\/sitio\/aniversario-de-la-fundacion-del-san-pedro-radio-club\/","title":{"rendered":"Aniversario de la fundaci\u00f3n del San Pedro Radio Club"},"content":{"rendered":"<p><!-- VideographyWP Plugin Message: Automatic video embedding prevented by plugin options. --><\/p>\n<pre class=\"aLF-aPX-K0-aPE aLF-aPX-aLK-ayr-auR\">El d\u00eda 26 del corriente se cumplieron 46 a\u00f1os de la fundaci\u00f3n del San Pedro Radio Club,  aunque esta historia a sido contada en varas oportunidades  vamos  recordarla para los que no la conocen  y hacerles conocer algunas novedades.\r\nEl \u201cSAN PEDRO RADIO CLUB\u201d fue fundado el d\u00eda 26 de mayo de 1972 en una reuni\u00f3n llevada a cabo en el Centro de Comercio e Industria. Los primeros tr\u00e1mites realizados fueron la de gestionar la se\u00f1al distintiva para la instituci\u00f3n que llega a feliz t\u00e9rmino con la recepci\u00f3n del expediente N\u00ba 31734 SC\/72 por el cual se otorgaba al \u201cSan Pedro Radio Club\u201d la se\u00f1al distintiva LU2EJA.\u201d.\r\nEl  d\u00eda 5 de Mayo de 1974, fue elegida la primera Comisi\u00f3n Directiva siendo su Presidente  el Se\u00f1or Oscar A. Vicens LU9DTC, \r\nEl d\u00eda 10 de  mayo de 1974, se realiza la primera reuni\u00f3n en un local facilitado por la Sociedad de Bomberos Voluntarios donde tambi\u00e9n se instala una estaci\u00f3n radio    transmisora.\r\nEn el mes de agosto, con el asesoramiento del Se\u00f1or Horacio Spagnuolo, se toma posesi\u00f3n del sobrante fiscal denominado, seg\u00fan catastro, \u201cCircunscripci\u00f3n 1 Secci\u00f3n H  Manzana 44 C Parcela 3\u201d ubicado en calle Emilio Frers 255.\r\nEn marzo de 1976 se efectu\u00f3 la mensura del terreno por parte del agrimensor Juan Jos\u00e9 Matav\u00f3s, confeccion\u00f3 un plano el maestro mayor de obras Se\u00f1or Rubanchesky, se cobr\u00f3 una subvenci\u00f3n del Gobierno de la provincia de Buenos Aires con el que se adquiri\u00f3 materiales para la construcci\u00f3n de la sede social.. El 27 de octubre, por decreto municipal N\u00ba 3138 la instituci\u00f3n es declarada  \u201cEntidad de bien p\u00fablico\u201d. El 27 de enero de 1977 recibe la misma nominaci\u00f3n de parte de la provincia de Buenos Aires seg\u00fan decreto N\u00ba 5494. El d\u00eda 25 de setiembre del mismo a\u00f1o se inaugura la sede social.\r\nEn 1978 se resuelve adquirir,  a la firma Carlos Casamayor, con el aporte de varios radioaficionados,  un transceptor marca KEISS modelo M 12 que es puesto en marcha en el mes de mayo.\r\nEl 14 de abril un representante de la Direcci\u00f3n de inmuebles de la Provincia realiza una inspecci\u00f3n del predio donde constata y detalla el estado del mismo labrando un acta seg\u00fan expediente 2306- 75337-72.\r\n En octubre del mismo a\u00f1o este equipo es robado y destruido por un radioaficionado siendo suplantado m\u00e1s adelante con un transceptor l\u00ednea separada marca YAESU modelo FL 200 B el transmisor y FR 100 B el receptor adquirido con una subvenci\u00f3n de la Municipalidad de San Pedro.\r\nEl d\u00eda 2 de Mayo del 1980 se instala en los silos de la Junta Nacional De Granos una repetidora de VHF.\r\nEn marzo de 1981 se instalan una antena direccional tribanda marca Palombo y un rotor las que son montadas en una nueva torre en el mes de noviembre. En mayo de 1987, seg\u00fan resoluci\u00f3n N\u00ba 1225 del Ministerio de Bienestar Social se obtiene un subsidio de un mil (1.000) australes que ser\u00e1n destinados a la refacci\u00f3n de la sede social y en enero de 1989 se recibe de parte del senador Juan Carlos Planas otro subsidio por australes cinco mil (5.000) destinados a pagos de mejoras del inmueble ocupado.\r\nEl d\u00eda 3 de noviembre de 1990 las sede social es destruida por un tornado por lo que se resuelve pedir la colaboraci\u00f3n de radioaficionados, vecinos y autoridades para su refacci\u00f3n teniendo gran apoyo culminando las mismas con el  subsidio otorgado por el Gobernador de la Provincia de Buenos Aires Luis Macaya de australes cuatro millones (4.000.000) hecho efectivo en agosto de 1991 a lo que se sum\u00f3 la donaci\u00f3n de australes un mill\u00f3n cuatrocientos mil por parte de siete socios  siendo terminadas las obras en noviembre de 1992 .\r\nCon fecha 26 de agosto de 1993 queda  registrada en la Direcci\u00f3n Provincial de Personas Jur\u00eddicas bajo la matr\u00edcula N\u00ba 12615.\r\nCumplimentando este tr\u00e1mite legal se gestiona una nueva se\u00f1al distintiva correspondiendo la LU6DJ.\r\nSe inicia la ampliaci\u00f3n de la sede como as\u00ed tambi\u00e9n se adquieren nuevos equipos, contando en estos momentos con secretar\u00eda, sala de transmisi\u00f3n, un amplio sal\u00f3n de actos, un museo, biblioteca, 2 cuerpos de sanitarios, equipos de HF, VHF, sistemas de comunicaciones digitales etc; realiz\u00e1ndose tambi\u00e9n todo tr\u00e1mite ante la Comisi\u00f3n Nacional de Comunicaciones; dictados de cursos, renovaci\u00f3n y obtenci\u00f3n de licencias etc.\r\nEn el a\u00f1o anterior tres aspirantes rindieron examen para obtener licencia de radioaficionado  habi\u00e9ndosele otorgado la se\u00f1ales distintivas LU6EMS, LU9EPB y LU8EME  y nueve radioaficionados lo hicieron para ascender de categor\u00eda, cuyas disposiciones les ser\u00e1n entregadas en el transcurso del almuerzo aniversario del d\u00eda 25 de mayo\r\nLa estaci\u00f3n repetidora se ha instalado nuevamente en su primitivo emplazamiento con lo que permitir\u00e1 \u00f3ptimas condiciones para realizar comunicados desde y hasta distancias muy apreciables con equipos m\u00f3viles o port\u00e1tiles, lo  mismo suceder\u00e1  desde lugares donde la telefon\u00eda celular no tenga cobertura y la rutan 9 esta cubierta por los servicios de los radioaficionados  entre las ciudades de Buenos Aires y Rosario. \r\nActualmente en nuestro partido hay cuarenta y tres radioaficionados.\r\nTambi\u00e9n con el aporte de socios y amigos se ha comprado la malla para cerrar el frente de nuestra sede social.<\/pre>\n","protected":false},"excerpt":{"rendered":"<p>El d\u00eda 26 del corriente se cumplieron 46 a\u00f1os de la fundaci\u00f3n del San Pedro Radio Club, aunque esta historia a sido contada en varas oportunidades vamos recordarla para los que no la conocen y hacerles conocer algunas novedades. El \u201cSAN PEDRO RADIO CLUB\u201d fue fundado el d\u00eda 26 de mayo de 1972 en una [&hellip;]<\/p>\n","protected":false},"author":4,"featured_media":4691,"comment_status":"open","ping_status":"closed","sticky":false,"template":"","format":"standard","meta":{"om_disable_all_campaigns":false,"_jetpack_memberships_contains_paid_content":false,"footnotes":""},"categories":[101,2],"tags":[],"class_list":["post-4690","post","type-post","status-publish","format-standard","has-post-thumbnail","hentry","category-interes-general-locales","category-locales"],"aioseo_notices":[],"gutentor_comment":0,"jetpack_featured_media_url":"https:\/\/eldiariodesanpedro.com.ar\/sitio\/wp-content\/uploads\/2016\/05\/PAGINA-6-9.jpg","jetpack_shortlink":"https:\/\/wp.me\/p6RhLt-1dE","jetpack_sharing_enabled":true,"_links":{"self":[{"href":"https:\/\/eldiariodesanpedro.com.ar\/sitio\/wp-json\/wp\/v2\/posts\/4690","targetHints":{"allow":["GET"]}}],"collection":[{"href":"https:\/\/eldiariodesanpedro.com.ar\/sitio\/wp-json\/wp\/v2\/posts"}],"about":[{"href":"https:\/\/eldiariodesanpedro.com.ar\/sitio\/wp-json\/wp\/v2\/types\/post"}],"author":[{"embeddable":true,"href":"https:\/\/eldiariodesanpedro.com.ar\/sitio\/wp-json\/wp\/v2\/users\/4"}],"replies":[{"embeddable":true,"href":"https:\/\/eldiariodesanpedro.com.ar\/sitio\/wp-json\/wp\/v2\/comments?post=4690"}],"version-history":[{"count":1,"href":"https:\/\/eldiariodesanpedro.com.ar\/sitio\/wp-json\/wp\/v2\/posts\/4690\/revisions"}],"predecessor-version":[{"id":4692,"href":"https:\/\/eldiariodesanpedro.com.ar\/sitio\/wp-json\/wp\/v2\/posts\/4690\/revisions\/4692"}],"wp:featuredmedia":[{"embeddable":true,"href":"https:\/\/eldiariodesanpedro.com.ar\/sitio\/wp-json\/wp\/v2\/media\/4691"}],"wp:attachment":[{"href":"https:\/\/eldiariodesanpedro.com.ar\/sitio\/wp-json\/wp\/v2\/media?parent=4690"}],"wp:term":[{"taxonomy":"category","embeddable":true,"href":"https:\/\/eldiariodesanpedro.com.ar\/sitio\/wp-json\/wp\/v2\/categories?post=4690"},{"taxonomy":"post_tag","embeddable":true,"href":"https:\/\/eldiariodesanpedro.com.ar\/sitio\/wp-json\/wp\/v2\/tags?post=4690"}],"curies":[{"name":"wp","href":"https:\/\/api.w.org\/{rel}","templated":true}]}}