{"id":46890,"date":"2019-02-01T10:47:53","date_gmt":"2019-02-01T13:47:53","guid":{"rendered":"https:\/\/eldiariodesanpedro.com.ar\/sitio\/?p=46890"},"modified":"2019-02-01T10:48:03","modified_gmt":"2019-02-01T13:48:03","slug":"san-nicolas-intentaron-usurpar-terrenos-en-zona-norte","status":"publish","type":"post","link":"https:\/\/eldiariodesanpedro.com.ar\/sitio\/san-nicolas-intentaron-usurpar-terrenos-en-zona-norte\/","title":{"rendered":"SAN NICOL\u00c1S: Intentaron usurpar terrenos en zona norte"},"content":{"rendered":"<!-- VideographyWP Plugin Message: Automatic video embedding prevented by plugin options. -->\n\n<p>\n\nPersona policial evit\u00f3 que un grupo de personas, entre los que hab\u00eda ni\u00f1os, se instalaran en un campo ubicado en calle Otero entre Gil Medina y Las Palmas del barrio San Jorge. Fueron aprehendidos un hombre y una mujer.<\/p>\n\n\n\n<p>Efectivos de la Comisar\u00eda Tercera, Comando de Patrullas y Polic\u00eda Local debieron intervenir ante el llamado por un intento de usurpaci\u00f3n de terrenos. Dos personas, un hombre y una mujer, intentaban tomar posesi\u00f3n de un campo en barrio San Jorge.\u00a0<\/p>\n\n\n\n<figure class=\"wp-block-image\"><img decoding=\"async\" width=\"700\" height=\"394\" data-attachment-id=\"46892\" data-permalink=\"https:\/\/eldiariodesanpedro.com.ar\/sitio\/san-nicolas-intentaron-usurpar-terrenos-en-zona-norte\/no_h7kk6d42nga6gs7usurpa\/\" data-orig-file=\"https:\/\/eldiariodesanpedro.com.ar\/sitio\/wp-content\/uploads\/2019\/02\/no_h7kk6d42nga6gs7usurpa.jpg\" data-orig-size=\"700,394\" data-comments-opened=\"1\" data-image-meta=\"{&quot;aperture&quot;:&quot;0&quot;,&quot;credit&quot;:&quot;&quot;,&quot;camera&quot;:&quot;&quot;,&quot;caption&quot;:&quot;&quot;,&quot;created_timestamp&quot;:&quot;0&quot;,&quot;copyright&quot;:&quot;&quot;,&quot;focal_length&quot;:&quot;0&quot;,&quot;iso&quot;:&quot;0&quot;,&quot;shutter_speed&quot;:&quot;0&quot;,&quot;title&quot;:&quot;&quot;,&quot;orientation&quot;:&quot;0&quot;}\" data-image-title=\"no_h7kk6d42nga6gs7usurpa\" data-image-description=\"\" data-image-caption=\"\" data-large-file=\"https:\/\/eldiariodesanpedro.com.ar\/sitio\/wp-content\/uploads\/2019\/02\/no_h7kk6d42nga6gs7usurpa.jpg\" data-src=\"https:\/\/eldiariodesanpedro.com.ar\/sitio\/wp-content\/uploads\/2019\/02\/no_h7kk6d42nga6gs7usurpa.jpg\" alt=\"\" class=\"wp-image-46892 lazyload\" data-srcset=\"https:\/\/eldiariodesanpedro.com.ar\/sitio\/wp-content\/uploads\/2019\/02\/no_h7kk6d42nga6gs7usurpa.jpg 700w, https:\/\/eldiariodesanpedro.com.ar\/sitio\/wp-content\/uploads\/2019\/02\/no_h7kk6d42nga6gs7usurpa-300x169.jpg 300w\" data-sizes=\"(max-width: 700px) 100vw, 700px\" src=\"data:image\/svg+xml;base64,PHN2ZyB3aWR0aD0iMSIgaGVpZ2h0PSIxIiB4bWxucz0iaHR0cDovL3d3dy53My5vcmcvMjAwMC9zdmciPjwvc3ZnPg==\" style=\"--smush-placeholder-width: 700px; --smush-placeholder-aspect-ratio: 700\/394;\" \/><\/figure>\n\n\n\n<p>Los acompa\u00f1aban seis personas m\u00e1s, entre los que hab\u00eda menores de edad, quienes ante la advertencia de los agentes de seguridad entendieron que estaban realizando un acto ilegal y se retiraron del lugar. Por su parte los otros dos sujetos insistieron en la toma de los terrenos por lo que fueron aprehendidos.<\/p>\n\n\n\n<p>Interviene en la causa como autoridad judicial el Dr. Tempo, quien orden\u00f3 que uno de los detenidos permanezca alojado en dependencia policial y declare a primera audiencia, mientras que con relaci\u00f3n a la mujer se labren las actuaciones correspondientes y se le otorgue la libertad por tener a cargo a dos menores de edad, uno de tres y otro de un a\u00f1o. <\/p>\n\n\n\n<p>Fuente: <a href=\"http:\/\/www.diarioelinformante.com.ar\">Diario El Informante<\/a><\/p>\n","protected":false},"excerpt":{"rendered":"<p>Persona policial evit\u00f3 que un grupo de personas, entre los que hab\u00eda ni\u00f1os, se instalaran en un campo ubicado en calle Otero entre Gil Medina y Las Palmas del barrio San Jorge. Fueron aprehendidos un hombre y una mujer. Efectivos de la Comisar\u00eda Tercera, Comando de Patrullas y Polic\u00eda Local debieron intervenir ante el llamado [&hellip;]<\/p>\n","protected":false},"author":4,"featured_media":46891,"comment_status":"open","ping_status":"closed","sticky":false,"template":"","format":"standard","meta":{"om_disable_all_campaigns":false,"_jetpack_memberships_contains_paid_content":false,"footnotes":""},"categories":[621],"tags":[],"class_list":["post-46890","post","type-post","status-publish","format-standard","has-post-thumbnail","hentry","category-regionales"],"aioseo_notices":[],"gutentor_comment":0,"jetpack_featured_media_url":"https:\/\/eldiariodesanpedro.com.ar\/sitio\/wp-content\/uploads\/2019\/02\/no_1dcjtbmfkol8u1wusurpa1.jpg","jetpack_shortlink":"https:\/\/wp.me\/p6RhLt-cci","jetpack_sharing_enabled":true,"_links":{"self":[{"href":"https:\/\/eldiariodesanpedro.com.ar\/sitio\/wp-json\/wp\/v2\/posts\/46890","targetHints":{"allow":["GET"]}}],"collection":[{"href":"https:\/\/eldiariodesanpedro.com.ar\/sitio\/wp-json\/wp\/v2\/posts"}],"about":[{"href":"https:\/\/eldiariodesanpedro.com.ar\/sitio\/wp-json\/wp\/v2\/types\/post"}],"author":[{"embeddable":true,"href":"https:\/\/eldiariodesanpedro.com.ar\/sitio\/wp-json\/wp\/v2\/users\/4"}],"replies":[{"embeddable":true,"href":"https:\/\/eldiariodesanpedro.com.ar\/sitio\/wp-json\/wp\/v2\/comments?post=46890"}],"version-history":[{"count":1,"href":"https:\/\/eldiariodesanpedro.com.ar\/sitio\/wp-json\/wp\/v2\/posts\/46890\/revisions"}],"predecessor-version":[{"id":46893,"href":"https:\/\/eldiariodesanpedro.com.ar\/sitio\/wp-json\/wp\/v2\/posts\/46890\/revisions\/46893"}],"wp:featuredmedia":[{"embeddable":true,"href":"https:\/\/eldiariodesanpedro.com.ar\/sitio\/wp-json\/wp\/v2\/media\/46891"}],"wp:attachment":[{"href":"https:\/\/eldiariodesanpedro.com.ar\/sitio\/wp-json\/wp\/v2\/media?parent=46890"}],"wp:term":[{"taxonomy":"category","embeddable":true,"href":"https:\/\/eldiariodesanpedro.com.ar\/sitio\/wp-json\/wp\/v2\/categories?post=46890"},{"taxonomy":"post_tag","embeddable":true,"href":"https:\/\/eldiariodesanpedro.com.ar\/sitio\/wp-json\/wp\/v2\/tags?post=46890"}],"curies":[{"name":"wp","href":"https:\/\/api.w.org\/{rel}","templated":true}]}}